{"id":114,"date":"2013-03-17T17:18:08","date_gmt":"2013-03-17T17:18:08","guid":{"rendered":"http:\/\/wildeflora.ch\/?p=114"},"modified":"2013-04-28T16:25:50","modified_gmt":"2013-04-28T16:25:50","slug":"giersch","status":"publish","type":"post","link":"https:\/\/wildeflora.ch\/?p=114","title":{"rendered":"Giersch"},"content":{"rendered":"<p>&#8222;Garten z\u00e4hmen&#8220; heisst erst einmal den Giersch bek\u00e4mpfen, der sich in den Garten geschlichen hat. Laut einschl\u00e4gigen Blogs eigentlich ein Ding der Unm\u00f6glichkeit. Versuche in m\u00fchsamer Arbeit, die unterirdischen Triebe auszugraben, dabei erwische ich nat\u00fcrlich nie und nimmer alle Wurzeln. Bin mal gespannt, ob er wenigstens geschw\u00e4cht wird durch die Aktion, oder ob ihn das Lockern des Bodens noch befl\u00fcgelt. Bin noch unschl\u00fcssig was ich nacher pflanze oder s\u00e4he. Buschbohnen oder Kartoffeln werden empfohlen.<\/p>\n","protected":false},"excerpt":{"rendered":"<p>&#8222;Garten z\u00e4hmen&#8220; heisst erst einmal den Giersch bek\u00e4mpfen, der sich in den Garten geschlichen hat. Laut einschl\u00e4gigen Blogs eigentlich ein Ding der Unm\u00f6glichkeit. Versuche in m\u00fchsamer Arbeit, die unterirdischen Triebe auszugraben, dabei erwische ich nat\u00fcrlich nie und nimmer alle Wurzeln. Bin mal gespannt, ob er wenigstens geschw\u00e4cht wird durch die Aktion, oder ob ihn das &hellip; <a href=\"https:\/\/wildeflora.ch\/?p=114\" class=\"more-link\"><span class=\"screen-reader-text\">\u201eGiersch\u201c<\/span> weiterlesen<\/a><\/p>\n","protected":false},"author":3,"featured_media":0,"comment_status":"open","ping_status":"open","sticky":false,"template":"","format":"standard","meta":{"footnotes":""},"categories":[1],"tags":[24,25],"class_list":["post-114","post","type-post","status-publish","format-standard","hentry","category-uncategorized","tag-giersch","tag-unkraut"],"_links":{"self":[{"href":"https:\/\/wildeflora.ch\/index.php?rest_route=\/wp\/v2\/posts\/114","targetHints":{"allow":["GET"]}}],"collection":[{"href":"https:\/\/wildeflora.ch\/index.php?rest_route=\/wp\/v2\/posts"}],"about":[{"href":"https:\/\/wildeflora.ch\/index.php?rest_route=\/wp\/v2\/types\/post"}],"author":[{"embeddable":true,"href":"https:\/\/wildeflora.ch\/index.php?rest_route=\/wp\/v2\/users\/3"}],"replies":[{"embeddable":true,"href":"https:\/\/wildeflora.ch\/index.php?rest_route=%2Fwp%2Fv2%2Fcomments&post=114"}],"version-history":[{"count":6,"href":"https:\/\/wildeflora.ch\/index.php?rest_route=\/wp\/v2\/posts\/114\/revisions"}],"predecessor-version":[{"id":169,"href":"https:\/\/wildeflora.ch\/index.php?rest_route=\/wp\/v2\/posts\/114\/revisions\/169"}],"wp:attachment":[{"href":"https:\/\/wildeflora.ch\/index.php?rest_route=%2Fwp%2Fv2%2Fmedia&parent=114"}],"wp:term":[{"taxonomy":"category","embeddable":true,"href":"https:\/\/wildeflora.ch\/index.php?rest_route=%2Fwp%2Fv2%2Fcategories&post=114"},{"taxonomy":"post_tag","embeddable":true,"href":"https:\/\/wildeflora.ch\/index.php?rest_route=%2Fwp%2Fv2%2Ftags&post=114"}],"curies":[{"name":"wp","href":"https:\/\/api.w.org\/{rel}","templated":true}]}}