{"id":119,"date":"2013-03-29T16:21:25","date_gmt":"2013-03-29T16:21:25","guid":{"rendered":"http:\/\/wildeflora.ch\/?p=119"},"modified":"2013-04-28T16:34:19","modified_gmt":"2013-04-28T16:34:19","slug":"warten","status":"publish","type":"post","link":"https:\/\/wildeflora.ch\/?p=119","title":{"rendered":"Warten"},"content":{"rendered":"<p>Die Ostergl\u00f6ckchen halten ihre Kelche geschlossen. Ich jammere, obwohl jammern nichts n\u00fctzt. Ich habe davon getr\u00e4umt, meine freien Ostertage dem Garten zu widmen. UNM\u00d6GLICH! Die Erde ist schwer, j\u00e4ten unm\u00f6glich, alles klebt an den Stiefeln.<\/p>\n<p><a href=\"https:\/\/wildeflora.ch\/?attachment_id=120\" rel=\"attachment wp-att-120\"><img loading=\"lazy\" decoding=\"async\" class=\"alignnone  wp-image-120\" alt=\"Osterglocken halte ihre K\u00f6pfe geschlossen\" src=\"https:\/\/wildeflora.ch\/wp-content\/uploads\/2013\/03\/2013-03-21-10.46.43.jpg\" width=\"3264\" height=\"1952\" srcset=\"https:\/\/wildeflora.ch\/wp-content\/uploads\/2013\/03\/2013-03-21-10.46.43.jpg 3264w, https:\/\/wildeflora.ch\/wp-content\/uploads\/2013\/03\/2013-03-21-10.46.43-300x179.jpg 300w, https:\/\/wildeflora.ch\/wp-content\/uploads\/2013\/03\/2013-03-21-10.46.43-1024x612.jpg 1024w\" sizes=\"auto, (max-width: 709px) 85vw, (max-width: 909px) 67vw, (max-width: 1362px) 62vw, 840px\" \/><\/a><\/p>\n<p>Ein Trost: Die Ostereier sind dieses Jahr wunderbar geraten. Cochenille und Walnussschalen geben ihnen di<a href=\"https:\/\/wildeflora.ch\/?attachment_id=121\" rel=\"attachment wp-att-121\"><img loading=\"lazy\" decoding=\"async\" class=\"wp-image-121 alignleft\" alt=\"Kr\u00e4uter-Ostereier\" src=\"https:\/\/wildeflora.ch\/wp-content\/uploads\/2013\/03\/2013-03-29-16.05.30.jpg\" width=\"422\" height=\"705\" srcset=\"https:\/\/wildeflora.ch\/wp-content\/uploads\/2013\/03\/2013-03-29-16.05.30.jpg 1952w, https:\/\/wildeflora.ch\/wp-content\/uploads\/2013\/03\/2013-03-29-16.05.30-179x300.jpg 179w, https:\/\/wildeflora.ch\/wp-content\/uploads\/2013\/03\/2013-03-29-16.05.30-612x1024.jpg 612w\" sizes=\"auto, (max-width: 422px) 85vw, 422px\" \/><\/a>e Farbe, die Kr\u00e4uter die Muster. Sch\u00f6llkraut (Chelidonium majus), L\u00f6wenzahn (Taraxacum officinale), Rainfarn (Tanacetum vulgare), Storchenschnabel (Geranium sanguineum), Primeln und ihre Bl\u00fcten (Primula acaulis), Hahnenfuss (,Ranunculus tuberosus) , Junger im Gr\u00fcnen (Nigella damascena)<\/p>\n<p>&nbsp;<\/p>\n<p>&nbsp;<\/p>\n","protected":false},"excerpt":{"rendered":"<p>Die Ostergl\u00f6ckchen halten ihre Kelche geschlossen. Ich jammere, obwohl jammern nichts n\u00fctzt. Ich habe davon getr\u00e4umt, meine freien Ostertage dem Garten zu widmen. UNM\u00d6GLICH! Die Erde ist schwer, j\u00e4ten unm\u00f6glich, alles klebt an den Stiefeln. Ein Trost: Die Ostereier sind dieses Jahr wunderbar geraten. Cochenille und Walnussschalen geben ihnen die Farbe, die Kr\u00e4uter die Muster. &hellip; <a href=\"https:\/\/wildeflora.ch\/?p=119\" class=\"more-link\"><span class=\"screen-reader-text\">\u201eWarten\u201c<\/span> weiterlesen<\/a><\/p>\n","protected":false},"author":3,"featured_media":0,"comment_status":"open","ping_status":"open","sticky":false,"template":"","format":"standard","meta":{"footnotes":""},"categories":[1],"tags":[18,31,30],"class_list":["post-119","post","type-post","status-publish","format-standard","hentry","category-uncategorized","tag-kuhl","tag-osterglocken","tag-ostern"],"_links":{"self":[{"href":"https:\/\/wildeflora.ch\/index.php?rest_route=\/wp\/v2\/posts\/119","targetHints":{"allow":["GET"]}}],"collection":[{"href":"https:\/\/wildeflora.ch\/index.php?rest_route=\/wp\/v2\/posts"}],"about":[{"href":"https:\/\/wildeflora.ch\/index.php?rest_route=\/wp\/v2\/types\/post"}],"author":[{"embeddable":true,"href":"https:\/\/wildeflora.ch\/index.php?rest_route=\/wp\/v2\/users\/3"}],"replies":[{"embeddable":true,"href":"https:\/\/wildeflora.ch\/index.php?rest_route=%2Fwp%2Fv2%2Fcomments&post=119"}],"version-history":[{"count":12,"href":"https:\/\/wildeflora.ch\/index.php?rest_route=\/wp\/v2\/posts\/119\/revisions"}],"predecessor-version":[{"id":127,"href":"https:\/\/wildeflora.ch\/index.php?rest_route=\/wp\/v2\/posts\/119\/revisions\/127"}],"wp:attachment":[{"href":"https:\/\/wildeflora.ch\/index.php?rest_route=%2Fwp%2Fv2%2Fmedia&parent=119"}],"wp:term":[{"taxonomy":"category","embeddable":true,"href":"https:\/\/wildeflora.ch\/index.php?rest_route=%2Fwp%2Fv2%2Fcategories&post=119"},{"taxonomy":"post_tag","embeddable":true,"href":"https:\/\/wildeflora.ch\/index.php?rest_route=%2Fwp%2Fv2%2Ftags&post=119"}],"curies":[{"name":"wp","href":"https:\/\/api.w.org\/{rel}","templated":true}]}}