{"id":129,"date":"2013-04-03T19:35:05","date_gmt":"2013-04-03T19:35:05","guid":{"rendered":"http:\/\/wildeflora.ch\/?p=129"},"modified":"2013-04-28T16:28:30","modified_gmt":"2013-04-28T16:28:30","slug":"und-er-kommt-doch","status":"publish","type":"post","link":"https:\/\/wildeflora.ch\/?p=129","title":{"rendered":"und er kommt doch &#8230;"},"content":{"rendered":"<p>der Fr\u00fchling. Zwar sind die Temperaturen immer noch sehr verhalten (2-8 Grad), aber es spriesst.<\/p>\n<figure id=\"attachment_143\" aria-describedby=\"caption-attachment-143\" style=\"width: 535px\" class=\"wp-caption alignnone\"><a href=\"https:\/\/wildeflora.ch\/?attachment_id=143\" rel=\"attachment wp-att-143\"><img loading=\"lazy\" decoding=\"async\" class=\"size-full wp-image-143\" alt=\"Rosen schlagen aus\" src=\"https:\/\/wildeflora.ch\/wp-content\/uploads\/2013\/04\/Rosen_schlagen_aus_2.jpg\" width=\"535\" height=\"532\" srcset=\"https:\/\/wildeflora.ch\/wp-content\/uploads\/2013\/04\/Rosen_schlagen_aus_2.jpg 535w, https:\/\/wildeflora.ch\/wp-content\/uploads\/2013\/04\/Rosen_schlagen_aus_2-150x150.jpg 150w, https:\/\/wildeflora.ch\/wp-content\/uploads\/2013\/04\/Rosen_schlagen_aus_2-300x298.jpg 300w\" sizes=\"auto, (max-width: 535px) 85vw, 535px\" \/><\/a><figcaption id=\"caption-attachment-143\" class=\"wp-caption-text\">Die Rosen, die ich letzten Herbst bei Schneetreiben als &#8222;Nacktwurzler&#8220; gesetzt habe schlagen alle aus!<\/figcaption><\/figure>\n<p>&nbsp;<\/p>\n<figure id=\"attachment_130\" aria-describedby=\"caption-attachment-130\" style=\"width: 535px\" class=\"wp-caption alignnone\"><a href=\"https:\/\/wildeflora.ch\/?attachment_id=130\" rel=\"attachment wp-att-130\"><img loading=\"lazy\" decoding=\"async\" class=\"size-full wp-image-130\" alt=\"Rhabarber schl\u00e4gt aus\" src=\"https:\/\/wildeflora.ch\/wp-content\/uploads\/2013\/04\/Rhabarber_schl\u00e4gt_aus.png\" width=\"535\" height=\"320\" srcset=\"https:\/\/wildeflora.ch\/wp-content\/uploads\/2013\/04\/Rhabarber_schl\u00e4gt_aus.png 535w, https:\/\/wildeflora.ch\/wp-content\/uploads\/2013\/04\/Rhabarber_schl\u00e4gt_aus-300x179.png 300w\" sizes=\"auto, (max-width: 535px) 85vw, 535px\" \/><\/a><figcaption id=\"caption-attachment-130\" class=\"wp-caption-text\">Erstaunlich, dass \u00fcberall bereits Rezepte ver\u00f6ffentlicht werden. Die Rhabarber g\u00fcxelt erst.<\/figcaption><\/figure>\n","protected":false},"excerpt":{"rendered":"<p>der Fr\u00fchling. Zwar sind die Temperaturen immer noch sehr verhalten (2-8 Grad), aber es spriesst. &nbsp;<\/p>\n","protected":false},"author":3,"featured_media":0,"comment_status":"open","ping_status":"open","sticky":false,"template":"","format":"standard","meta":{"footnotes":""},"categories":[1],"tags":[29,28],"class_list":["post-129","post","type-post","status-publish","format-standard","hentry","category-uncategorized","tag-rhabarber","tag-rosen"],"_links":{"self":[{"href":"https:\/\/wildeflora.ch\/index.php?rest_route=\/wp\/v2\/posts\/129","targetHints":{"allow":["GET"]}}],"collection":[{"href":"https:\/\/wildeflora.ch\/index.php?rest_route=\/wp\/v2\/posts"}],"about":[{"href":"https:\/\/wildeflora.ch\/index.php?rest_route=\/wp\/v2\/types\/post"}],"author":[{"embeddable":true,"href":"https:\/\/wildeflora.ch\/index.php?rest_route=\/wp\/v2\/users\/3"}],"replies":[{"embeddable":true,"href":"https:\/\/wildeflora.ch\/index.php?rest_route=%2Fwp%2Fv2%2Fcomments&post=129"}],"version-history":[{"count":7,"href":"https:\/\/wildeflora.ch\/index.php?rest_route=\/wp\/v2\/posts\/129\/revisions"}],"predecessor-version":[{"id":141,"href":"https:\/\/wildeflora.ch\/index.php?rest_route=\/wp\/v2\/posts\/129\/revisions\/141"}],"wp:attachment":[{"href":"https:\/\/wildeflora.ch\/index.php?rest_route=%2Fwp%2Fv2%2Fmedia&parent=129"}],"wp:term":[{"taxonomy":"category","embeddable":true,"href":"https:\/\/wildeflora.ch\/index.php?rest_route=%2Fwp%2Fv2%2Fcategories&post=129"},{"taxonomy":"post_tag","embeddable":true,"href":"https:\/\/wildeflora.ch\/index.php?rest_route=%2Fwp%2Fv2%2Ftags&post=129"}],"curies":[{"name":"wp","href":"https:\/\/api.w.org\/{rel}","templated":true}]}}