{"id":156,"date":"2013-04-28T16:20:15","date_gmt":"2013-04-28T16:20:15","guid":{"rendered":"http:\/\/wildeflora.ch\/?p=156"},"modified":"2013-04-28T16:23:12","modified_gmt":"2013-04-28T16:23:12","slug":"der-rosmarin-bluht","status":"publish","type":"post","link":"https:\/\/wildeflora.ch\/?p=156","title":{"rendered":"Der Rosmarin bl\u00fcht"},"content":{"rendered":"<p>Offensichtlich haben die paar warmen Tage den Rosmarin zum Bl\u00fchen gebracht. Zusammen mit den Tulpen und den Vergissmeinnicht ein sch\u00f6ner Anblick, auch wenns regnet:<\/p>\n<p><a href=\"https:\/\/wildeflora.ch\/?attachment_id=158\" rel=\"attachment wp-att-158\"><img loading=\"lazy\" decoding=\"async\" class=\"alignnone  wp-image-158\" alt=\"bl\u00fchender Rosmarin\" src=\"https:\/\/wildeflora.ch\/wp-content\/uploads\/2013\/04\/IMAG0572.jpg\" width=\"327\" height=\"547\" srcset=\"https:\/\/wildeflora.ch\/wp-content\/uploads\/2013\/04\/IMAG0572.jpg 1952w, https:\/\/wildeflora.ch\/wp-content\/uploads\/2013\/04\/IMAG0572-179x300.jpg 179w, https:\/\/wildeflora.ch\/wp-content\/uploads\/2013\/04\/IMAG0572-612x1024.jpg 612w\" sizes=\"auto, (max-width: 327px) 85vw, 327px\" \/><\/a> <a href=\"https:\/\/wildeflora.ch\/?attachment_id=159\" rel=\"attachment wp-att-159\"><img loading=\"lazy\" decoding=\"async\" class=\"alignnone  wp-image-159\" alt=\"Vergissmeinnicht\" src=\"https:\/\/wildeflora.ch\/wp-content\/uploads\/2013\/04\/IMAG0580.jpg\" width=\"329\" height=\"550\" srcset=\"https:\/\/wildeflora.ch\/wp-content\/uploads\/2013\/04\/IMAG0580.jpg 1952w, https:\/\/wildeflora.ch\/wp-content\/uploads\/2013\/04\/IMAG0580-179x300.jpg 179w, https:\/\/wildeflora.ch\/wp-content\/uploads\/2013\/04\/IMAG0580-612x1024.jpg 612w\" sizes=\"auto, (max-width: 329px) 85vw, 329px\" \/><\/a><\/p>\n<p>Das schlechte Wetter habe ich dazu ausgen\u00fctzt alle Fensterbanksetzlinge (sie stehen seit zwei Wochen \u00fcber Tags draussen) zu pikieren, oder tiefer in ihre T\u00f6pfchen zu setzen.<\/p>\n","protected":false},"excerpt":{"rendered":"<p>Offensichtlich haben die paar warmen Tage den Rosmarin zum Bl\u00fchen gebracht. Zusammen mit den Tulpen und den Vergissmeinnicht ein sch\u00f6ner Anblick, auch wenns regnet: Das schlechte Wetter habe ich dazu ausgen\u00fctzt alle Fensterbanksetzlinge (sie stehen seit zwei Wochen \u00fcber Tags draussen) zu pikieren, oder tiefer in ihre T\u00f6pfchen zu setzen.<\/p>\n","protected":false},"author":3,"featured_media":0,"comment_status":"open","ping_status":"open","sticky":false,"template":"","format":"standard","meta":{"footnotes":""},"categories":[1],"tags":[17,16,8],"class_list":["post-156","post","type-post","status-publish","format-standard","hentry","category-uncategorized","tag-regen","tag-rosmarin","tag-saht"],"_links":{"self":[{"href":"https:\/\/wildeflora.ch\/index.php?rest_route=\/wp\/v2\/posts\/156","targetHints":{"allow":["GET"]}}],"collection":[{"href":"https:\/\/wildeflora.ch\/index.php?rest_route=\/wp\/v2\/posts"}],"about":[{"href":"https:\/\/wildeflora.ch\/index.php?rest_route=\/wp\/v2\/types\/post"}],"author":[{"embeddable":true,"href":"https:\/\/wildeflora.ch\/index.php?rest_route=\/wp\/v2\/users\/3"}],"replies":[{"embeddable":true,"href":"https:\/\/wildeflora.ch\/index.php?rest_route=%2Fwp%2Fv2%2Fcomments&post=156"}],"version-history":[{"count":5,"href":"https:\/\/wildeflora.ch\/index.php?rest_route=\/wp\/v2\/posts\/156\/revisions"}],"predecessor-version":[{"id":164,"href":"https:\/\/wildeflora.ch\/index.php?rest_route=\/wp\/v2\/posts\/156\/revisions\/164"}],"wp:attachment":[{"href":"https:\/\/wildeflora.ch\/index.php?rest_route=%2Fwp%2Fv2%2Fmedia&parent=156"}],"wp:term":[{"taxonomy":"category","embeddable":true,"href":"https:\/\/wildeflora.ch\/index.php?rest_route=%2Fwp%2Fv2%2Fcategories&post=156"},{"taxonomy":"post_tag","embeddable":true,"href":"https:\/\/wildeflora.ch\/index.php?rest_route=%2Fwp%2Fv2%2Ftags&post=156"}],"curies":[{"name":"wp","href":"https:\/\/api.w.org\/{rel}","templated":true}]}}