{"id":177,"date":"2013-05-11T21:23:56","date_gmt":"2013-05-11T21:23:56","guid":{"rendered":"http:\/\/wildeflora.ch\/?p=177"},"modified":"2013-05-11T21:28:36","modified_gmt":"2013-05-11T21:28:36","slug":"winterastern-chrysanthemum-x-hortorum","status":"publish","type":"post","link":"https:\/\/wildeflora.ch\/?p=177","title":{"rendered":"Winterastern (chrysanthemum x hortorum)"},"content":{"rendered":"<p>Heute mit dem G\u00e4rtner \u00fcber Winterastern (Chrysanthemen) gesprochen. Er meinte, die alten Sorten w\u00fcrden zugunsten von einj\u00e4hrigen hochgez\u00fcchteten &#8222;Bl\u00fctenwunder&#8220; vernachl\u00e4ssigt . Mein alte Sorte sei keine Chrysantheme sondern ein Aster (rosa, einfache Bl\u00fcte). Gesetzt habe ich nun mehrere Farben und hoffe, dass sie sich gut entwickeln und den Winter \u00fcberstehen.<br \/>\nWerde mich mal eingehender mit den Winterastern besch\u00e4ftigen, aber dies vielleicht eher im Winter.<\/p>\n<p>http:\/\/www.gaissmayer.de\/index\/seiten\/duftpflanzen\/chrysanthemen.htm: &#8222;Auf der sicheren Seite befindet man sich \u00fcbrigens mit den sogenannten Zawadskii-Hybriden, besonders w\u00fcchsige, winterharte und fr\u00fch bl\u00fchende Chrysanthemen, die in England zwischen 1938 und den fr\u00fchen 50er Jahren beim Z\u00fcchter Gerald Perry entstanden sind, z.B. &#8218;Clara Curtis&#8216;, sie bl\u00fcht rosa, ungef\u00fcllt, &#8218;Duchess of Edinburgh&#8216; weinrot, halbgef\u00fcllt und &#8218;Mary Stoker&#8216; bronzegelb mit einfacher Bl\u00fcte.&#8220;<\/p>\n<p>Auch andere Stauden und Flox gesetzt:<a href=\"https:\/\/wildeflora.ch\/?attachment_id=178\" rel=\"attachment wp-att-178\"><img loading=\"lazy\" decoding=\"async\" class=\"alignnone size-full wp-image-178\" alt=\"Stauden\" src=\"https:\/\/wildeflora.ch\/wp-content\/uploads\/2013\/05\/Stauden.jpg\" width=\"537\" height=\"378\" srcset=\"https:\/\/wildeflora.ch\/wp-content\/uploads\/2013\/05\/Stauden.jpg 537w, https:\/\/wildeflora.ch\/wp-content\/uploads\/2013\/05\/Stauden-300x211.jpg 300w\" sizes=\"auto, (max-width: 537px) 85vw, 537px\" \/><\/a><\/p>\n<p>&nbsp;<\/p>\n","protected":false},"excerpt":{"rendered":"<p>Heute mit dem G\u00e4rtner \u00fcber Winterastern (Chrysanthemen) gesprochen. Er meinte, die alten Sorten w\u00fcrden zugunsten von einj\u00e4hrigen hochgez\u00fcchteten &#8222;Bl\u00fctenwunder&#8220; vernachl\u00e4ssigt . Mein alte Sorte sei keine Chrysantheme sondern ein Aster (rosa, einfache Bl\u00fcte). Gesetzt habe ich nun mehrere Farben und hoffe, dass sie sich gut entwickeln und den Winter \u00fcberstehen. Werde mich mal eingehender mit &hellip; <a href=\"https:\/\/wildeflora.ch\/?p=177\" class=\"more-link\"><span class=\"screen-reader-text\">\u201eWinterastern (chrysanthemum x hortorum)\u201c<\/span> weiterlesen<\/a><\/p>\n","protected":false},"author":3,"featured_media":0,"comment_status":"open","ping_status":"open","sticky":false,"template":"","format":"standard","meta":{"footnotes":""},"categories":[1],"tags":[],"class_list":["post-177","post","type-post","status-publish","format-standard","hentry","category-uncategorized"],"_links":{"self":[{"href":"https:\/\/wildeflora.ch\/index.php?rest_route=\/wp\/v2\/posts\/177","targetHints":{"allow":["GET"]}}],"collection":[{"href":"https:\/\/wildeflora.ch\/index.php?rest_route=\/wp\/v2\/posts"}],"about":[{"href":"https:\/\/wildeflora.ch\/index.php?rest_route=\/wp\/v2\/types\/post"}],"author":[{"embeddable":true,"href":"https:\/\/wildeflora.ch\/index.php?rest_route=\/wp\/v2\/users\/3"}],"replies":[{"embeddable":true,"href":"https:\/\/wildeflora.ch\/index.php?rest_route=%2Fwp%2Fv2%2Fcomments&post=177"}],"version-history":[{"count":5,"href":"https:\/\/wildeflora.ch\/index.php?rest_route=\/wp\/v2\/posts\/177\/revisions"}],"predecessor-version":[{"id":182,"href":"https:\/\/wildeflora.ch\/index.php?rest_route=\/wp\/v2\/posts\/177\/revisions\/182"}],"wp:attachment":[{"href":"https:\/\/wildeflora.ch\/index.php?rest_route=%2Fwp%2Fv2%2Fmedia&parent=177"}],"wp:term":[{"taxonomy":"category","embeddable":true,"href":"https:\/\/wildeflora.ch\/index.php?rest_route=%2Fwp%2Fv2%2Fcategories&post=177"},{"taxonomy":"post_tag","embeddable":true,"href":"https:\/\/wildeflora.ch\/index.php?rest_route=%2Fwp%2Fv2%2Ftags&post=177"}],"curies":[{"name":"wp","href":"https:\/\/api.w.org\/{rel}","templated":true}]}}