{"id":191,"date":"2013-06-12T20:46:31","date_gmt":"2013-06-12T20:46:31","guid":{"rendered":"http:\/\/wildeflora.ch\/?p=191"},"modified":"2013-06-12T20:46:31","modified_gmt":"2013-06-12T20:46:31","slug":"am-5-juni-die-tomaten-gesetzt","status":"publish","type":"post","link":"https:\/\/wildeflora.ch\/?p=191","title":{"rendered":"Am 5. Juni die Tomaten gesetzt"},"content":{"rendered":"<p>Mit etlicher Versp\u00e4tung endlich Gurken, Tomaten, K\u00fcrbisse, Sonnenblumen, Gazenia, L\u00f6wenm\u00e4ulchen, Zinien, Malven und anderes mehr gesetzt.<br \/>\nAuch die Rosen bl\u00fchen drei Wochen sp\u00e4ter. Aber alles vergeben und vergessen, endlich Sommer!<\/p>\n<p><a href=\"https:\/\/wildeflora.ch\/?attachment_id=192\" rel=\"attachment wp-att-192\"><img loading=\"lazy\" decoding=\"async\" class=\"alignnone  wp-image-192\" alt=\"Rosen am Haus\" src=\"https:\/\/wildeflora.ch\/wp-content\/uploads\/2013\/06\/rosen_Juni_13_026.jpg\" width=\"1094\" height=\"821\" srcset=\"https:\/\/wildeflora.ch\/wp-content\/uploads\/2013\/06\/rosen_Juni_13_026.jpg 1824w, https:\/\/wildeflora.ch\/wp-content\/uploads\/2013\/06\/rosen_Juni_13_026-300x225.jpg 300w, https:\/\/wildeflora.ch\/wp-content\/uploads\/2013\/06\/rosen_Juni_13_026-1024x768.jpg 1024w\" sizes=\"auto, (max-width: 709px) 85vw, (max-width: 909px) 67vw, (max-width: 1362px) 62vw, 840px\" \/><\/a><\/p>\n","protected":false},"excerpt":{"rendered":"<p>Mit etlicher Versp\u00e4tung endlich Gurken, Tomaten, K\u00fcrbisse, Sonnenblumen, Gazenia, L\u00f6wenm\u00e4ulchen, Zinien, Malven und anderes mehr gesetzt. Auch die Rosen bl\u00fchen drei Wochen sp\u00e4ter. Aber alles vergeben und vergessen, endlich Sommer!<\/p>\n","protected":false},"author":3,"featured_media":0,"comment_status":"open","ping_status":"open","sticky":false,"template":"","format":"standard","meta":{"footnotes":""},"categories":[1],"tags":[],"class_list":["post-191","post","type-post","status-publish","format-standard","hentry","category-uncategorized"],"_links":{"self":[{"href":"https:\/\/wildeflora.ch\/index.php?rest_route=\/wp\/v2\/posts\/191","targetHints":{"allow":["GET"]}}],"collection":[{"href":"https:\/\/wildeflora.ch\/index.php?rest_route=\/wp\/v2\/posts"}],"about":[{"href":"https:\/\/wildeflora.ch\/index.php?rest_route=\/wp\/v2\/types\/post"}],"author":[{"embeddable":true,"href":"https:\/\/wildeflora.ch\/index.php?rest_route=\/wp\/v2\/users\/3"}],"replies":[{"embeddable":true,"href":"https:\/\/wildeflora.ch\/index.php?rest_route=%2Fwp%2Fv2%2Fcomments&post=191"}],"version-history":[{"count":3,"href":"https:\/\/wildeflora.ch\/index.php?rest_route=\/wp\/v2\/posts\/191\/revisions"}],"predecessor-version":[{"id":195,"href":"https:\/\/wildeflora.ch\/index.php?rest_route=\/wp\/v2\/posts\/191\/revisions\/195"}],"wp:attachment":[{"href":"https:\/\/wildeflora.ch\/index.php?rest_route=%2Fwp%2Fv2%2Fmedia&parent=191"}],"wp:term":[{"taxonomy":"category","embeddable":true,"href":"https:\/\/wildeflora.ch\/index.php?rest_route=%2Fwp%2Fv2%2Fcategories&post=191"},{"taxonomy":"post_tag","embeddable":true,"href":"https:\/\/wildeflora.ch\/index.php?rest_route=%2Fwp%2Fv2%2Ftags&post=191"}],"curies":[{"name":"wp","href":"https:\/\/api.w.org\/{rel}","templated":true}]}}