{"id":198,"date":"2013-08-06T21:35:57","date_gmt":"2013-08-06T21:35:57","guid":{"rendered":"http:\/\/wildeflora.ch\/?p=198"},"modified":"2013-08-08T21:06:23","modified_gmt":"2013-08-08T21:06:23","slug":"alpen-garten","status":"publish","type":"post","link":"https:\/\/wildeflora.ch\/?p=198","title":{"rendered":"Alpen-Garten"},"content":{"rendered":"<p>Unglaublich.\u00a0 Ich s\u00e4he, j\u00e4te, giesse, verteidige gegen Schnecken, Unkraut und Co, kurz, ich arbeite viel. Der Eisenhut hat sich aus meinem Garten verabschiedet, die Lupine ist nur noch ein Stumpf, die Lilie verfressen. Hier aber, im Val M\u00fcstair, alles wie von Zauberhand \u00fcber die Alpweiden verteilt, dass einem das Herz in der Brust h\u00fcpft.<br \/>\n<a href=\"https:\/\/wildeflora.ch\/?attachment_id=201\" rel=\"attachment wp-att-201\"><img loading=\"lazy\" decoding=\"async\" src=\"https:\/\/wildeflora.ch\/wp-content\/uploads\/2013\/08\/wpid-umbrail_075.jpg\" alt=\"wpid-umbrail_075.JPG\" width=\"500\" height=\"375\" class=\"alignnone size-full wp-image-201\" srcset=\"https:\/\/wildeflora.ch\/wp-content\/uploads\/2013\/08\/wpid-umbrail_075.jpg 500w, https:\/\/wildeflora.ch\/wp-content\/uploads\/2013\/08\/wpid-umbrail_075-300x225.jpg 300w\" sizes=\"auto, (max-width: 500px) 85vw, 500px\" \/><\/a><br \/>\n<a href=\"https:\/\/wildeflora.ch\/?attachment_id=197\" rel=\"attachment wp-att-197\"><img loading=\"lazy\" decoding=\"async\" src=\"https:\/\/wildeflora.ch\/wp-content\/uploads\/2013\/08\/wpid-schmetterlinge.jpg\" alt=\"wpid-schmetterlinge.jpg\" width=\"500\" height=\"568\" class=\"alignnone size-full wp-image-197\" srcset=\"https:\/\/wildeflora.ch\/wp-content\/uploads\/2013\/08\/wpid-schmetterlinge.jpg 500w, https:\/\/wildeflora.ch\/wp-content\/uploads\/2013\/08\/wpid-schmetterlinge-264x300.jpg 264w\" sizes=\"auto, (max-width: 500px) 85vw, 500px\" \/><\/a><\/p>\n","protected":false},"excerpt":{"rendered":"<p>Unglaublich.\u00a0 Ich s\u00e4he, j\u00e4te, giesse, verteidige gegen Schnecken, Unkraut und Co, kurz, ich arbeite viel. Der Eisenhut hat sich aus meinem Garten verabschiedet, die Lupine ist nur noch ein Stumpf, die Lilie verfressen. Hier aber, im Val M\u00fcstair, alles wie von Zauberhand \u00fcber die Alpweiden verteilt, dass einem das Herz in der Brust h\u00fcpft.<\/p>\n","protected":false},"author":3,"featured_media":0,"comment_status":"open","ping_status":"open","sticky":false,"template":"","format":"standard","meta":{"footnotes":""},"categories":[1],"tags":[32,33],"class_list":["post-198","post","type-post","status-publish","format-standard","hentry","category-uncategorized","tag-schmetterling","tag-val-mustair"],"_links":{"self":[{"href":"https:\/\/wildeflora.ch\/index.php?rest_route=\/wp\/v2\/posts\/198","targetHints":{"allow":["GET"]}}],"collection":[{"href":"https:\/\/wildeflora.ch\/index.php?rest_route=\/wp\/v2\/posts"}],"about":[{"href":"https:\/\/wildeflora.ch\/index.php?rest_route=\/wp\/v2\/types\/post"}],"author":[{"embeddable":true,"href":"https:\/\/wildeflora.ch\/index.php?rest_route=\/wp\/v2\/users\/3"}],"replies":[{"embeddable":true,"href":"https:\/\/wildeflora.ch\/index.php?rest_route=%2Fwp%2Fv2%2Fcomments&post=198"}],"version-history":[{"count":4,"href":"https:\/\/wildeflora.ch\/index.php?rest_route=\/wp\/v2\/posts\/198\/revisions"}],"predecessor-version":[{"id":200,"href":"https:\/\/wildeflora.ch\/index.php?rest_route=\/wp\/v2\/posts\/198\/revisions\/200"}],"wp:attachment":[{"href":"https:\/\/wildeflora.ch\/index.php?rest_route=%2Fwp%2Fv2%2Fmedia&parent=198"}],"wp:term":[{"taxonomy":"category","embeddable":true,"href":"https:\/\/wildeflora.ch\/index.php?rest_route=%2Fwp%2Fv2%2Fcategories&post=198"},{"taxonomy":"post_tag","embeddable":true,"href":"https:\/\/wildeflora.ch\/index.php?rest_route=%2Fwp%2Fv2%2Ftags&post=198"}],"curies":[{"name":"wp","href":"https:\/\/api.w.org\/{rel}","templated":true}]}}