{"id":320,"date":"2014-05-31T14:23:00","date_gmt":"2014-05-31T14:23:00","guid":{"rendered":"http:\/\/wildeflora.ch\/?p=320"},"modified":"2014-10-15T19:33:19","modified_gmt":"2014-10-15T19:33:19","slug":"wadenswiler-2","status":"publish","type":"post","link":"https:\/\/wildeflora.ch\/?p=320","title":{"rendered":"W\u00e4denswiler"},"content":{"rendered":"<p><a href=\"https:\/\/wildeflora.ch\/wp-content\/uploads\/2014\/10\/wpid-wp-14134013047351.jpeg\"><img decoding=\"async\" title=\"wp-1413401304735\" class=\"alignnone size-full\"  alt=\"image\" src=\"https:\/\/wildeflora.ch\/wp-content\/uploads\/2014\/10\/wpid-wp-14134013047351.jpeg\" \/><\/a><\/p>\n<p>Die Ernte entsch\u00e4digt f\u00fcrs viele J\u00e4ten. Die Sorte ist un\u00fcbertroffen, so s\u00fcss!<\/p>\n","protected":false},"excerpt":{"rendered":"<p>Die Ernte entsch\u00e4digt f\u00fcrs viele J\u00e4ten. Die Sorte ist un\u00fcbertroffen, so s\u00fcss!<\/p>\n","protected":false},"author":3,"featured_media":0,"comment_status":"open","ping_status":"open","sticky":false,"template":"","format":"standard","meta":{"footnotes":""},"categories":[1],"tags":[],"class_list":["post-320","post","type-post","status-publish","format-standard","hentry","category-uncategorized"],"_links":{"self":[{"href":"https:\/\/wildeflora.ch\/index.php?rest_route=\/wp\/v2\/posts\/320","targetHints":{"allow":["GET"]}}],"collection":[{"href":"https:\/\/wildeflora.ch\/index.php?rest_route=\/wp\/v2\/posts"}],"about":[{"href":"https:\/\/wildeflora.ch\/index.php?rest_route=\/wp\/v2\/types\/post"}],"author":[{"embeddable":true,"href":"https:\/\/wildeflora.ch\/index.php?rest_route=\/wp\/v2\/users\/3"}],"replies":[{"embeddable":true,"href":"https:\/\/wildeflora.ch\/index.php?rest_route=%2Fwp%2Fv2%2Fcomments&post=320"}],"version-history":[{"count":0,"href":"https:\/\/wildeflora.ch\/index.php?rest_route=\/wp\/v2\/posts\/320\/revisions"}],"wp:attachment":[{"href":"https:\/\/wildeflora.ch\/index.php?rest_route=%2Fwp%2Fv2%2Fmedia&parent=320"}],"wp:term":[{"taxonomy":"category","embeddable":true,"href":"https:\/\/wildeflora.ch\/index.php?rest_route=%2Fwp%2Fv2%2Fcategories&post=320"},{"taxonomy":"post_tag","embeddable":true,"href":"https:\/\/wildeflora.ch\/index.php?rest_route=%2Fwp%2Fv2%2Ftags&post=320"}],"curies":[{"name":"wp","href":"https:\/\/api.w.org\/{rel}","templated":true}]}}