{"id":378,"date":"2015-04-14T20:46:59","date_gmt":"2015-04-14T20:46:59","guid":{"rendered":"http:\/\/wildeflora.ch\/?p=378"},"modified":"2015-05-14T20:50:53","modified_gmt":"2015-05-14T20:50:53","slug":"erstaunlich","status":"publish","type":"post","link":"https:\/\/wildeflora.ch\/?p=378","title":{"rendered":"Erstaunlich"},"content":{"rendered":"<p>Wirklich faszinierend wie aus einem sp\u00e4rlich gr\u00fcnen Garten im Fr\u00fchling so ein \u00fcppiger Garten werden kann. Ich kann es kaum glauben wenn ich den Garten jetzt so sehe.<\/p>\n<p><a href=\"https:\/\/wildeflora.ch\/?attachment_id=371\" rel=\"attachment wp-att-371\"><img loading=\"lazy\" decoding=\"async\" class=\"alignnone size-full wp-image-371\" alt=\"Fr\u00fchling\" src=\"https:\/\/wildeflora.ch\/wp-content\/uploads\/2015\/03\/wpid-20150313_1708393.jpg\" width=\"1494\" height=\"2656\" srcset=\"https:\/\/wildeflora.ch\/wp-content\/uploads\/2015\/03\/wpid-20150313_1708393.jpg 1494w, https:\/\/wildeflora.ch\/wp-content\/uploads\/2015\/03\/wpid-20150313_1708393-168x300.jpg 168w, https:\/\/wildeflora.ch\/wp-content\/uploads\/2015\/03\/wpid-20150313_1708393-576x1024.jpg 576w\" sizes=\"auto, (max-width: 709px) 85vw, (max-width: 909px) 67vw, (max-width: 1362px) 62vw, 840px\" \/><\/a><\/p>\n","protected":false},"excerpt":{"rendered":"<p>Wirklich faszinierend wie aus einem sp\u00e4rlich gr\u00fcnen Garten im Fr\u00fchling so ein \u00fcppiger Garten werden kann. Ich kann es kaum glauben wenn ich den Garten jetzt so sehe.<\/p>\n","protected":false},"author":3,"featured_media":0,"comment_status":"open","ping_status":"open","sticky":false,"template":"","format":"standard","meta":{"footnotes":""},"categories":[1],"tags":[],"class_list":["post-378","post","type-post","status-publish","format-standard","hentry","category-uncategorized"],"_links":{"self":[{"href":"https:\/\/wildeflora.ch\/index.php?rest_route=\/wp\/v2\/posts\/378","targetHints":{"allow":["GET"]}}],"collection":[{"href":"https:\/\/wildeflora.ch\/index.php?rest_route=\/wp\/v2\/posts"}],"about":[{"href":"https:\/\/wildeflora.ch\/index.php?rest_route=\/wp\/v2\/types\/post"}],"author":[{"embeddable":true,"href":"https:\/\/wildeflora.ch\/index.php?rest_route=\/wp\/v2\/users\/3"}],"replies":[{"embeddable":true,"href":"https:\/\/wildeflora.ch\/index.php?rest_route=%2Fwp%2Fv2%2Fcomments&post=378"}],"version-history":[{"count":2,"href":"https:\/\/wildeflora.ch\/index.php?rest_route=\/wp\/v2\/posts\/378\/revisions"}],"predecessor-version":[{"id":379,"href":"https:\/\/wildeflora.ch\/index.php?rest_route=\/wp\/v2\/posts\/378\/revisions\/379"}],"wp:attachment":[{"href":"https:\/\/wildeflora.ch\/index.php?rest_route=%2Fwp%2Fv2%2Fmedia&parent=378"}],"wp:term":[{"taxonomy":"category","embeddable":true,"href":"https:\/\/wildeflora.ch\/index.php?rest_route=%2Fwp%2Fv2%2Fcategories&post=378"},{"taxonomy":"post_tag","embeddable":true,"href":"https:\/\/wildeflora.ch\/index.php?rest_route=%2Fwp%2Fv2%2Ftags&post=378"}],"curies":[{"name":"wp","href":"https:\/\/api.w.org\/{rel}","templated":true}]}}