{"id":481,"date":"2017-04-07T20:04:20","date_gmt":"2017-04-07T20:04:20","guid":{"rendered":"http:\/\/wildeflora.ch\/?p=481"},"modified":"2017-04-07T20:10:29","modified_gmt":"2017-04-07T20:10:29","slug":"die-topfe-gewaschen-und-gesat","status":"publish","type":"post","link":"https:\/\/wildeflora.ch\/?p=481","title":{"rendered":"Die T\u00f6pfe gewaschen und ges\u00e4t"},"content":{"rendered":"<p>In den ersten\u00a0 M\u00e4rztagen habe ich die Tomaten, Zinnien, die blauen Winden, Malven und\u00a0 Kornblumen ausges\u00e4t.<\/p>\n<p><a href=\"https:\/\/wildeflora.ch\/?attachment_id=476\" rel=\"attachment wp-att-476\"><img loading=\"lazy\" decoding=\"async\" class=\"alignleft size-large wp-image-476\" alt=\"2017-03-05 11.06.57\" src=\"https:\/\/wildeflora.ch\/wp-content\/uploads\/2017\/04\/2017-03-05-11.06.57-1024x576.jpg\" width=\"680\" height=\"382\" srcset=\"https:\/\/wildeflora.ch\/wp-content\/uploads\/2017\/04\/2017-03-05-11.06.57-1024x576.jpg 1024w, https:\/\/wildeflora.ch\/wp-content\/uploads\/2017\/04\/2017-03-05-11.06.57-300x168.jpg 300w\" sizes=\"auto, (max-width: 709px) 85vw, (max-width: 909px) 67vw, (max-width: 984px) 61vw, (max-width: 1362px) 45vw, 600px\" \/><\/a><\/p>\n<p>Im Schrebergarten bl\u00fchen unterdessen die Fr\u00fchlingsblumen um die Wette:<\/p>\n<p><a href=\"https:\/\/wildeflora.ch\/?attachment_id=472\" rel=\"attachment wp-att-472\"><img loading=\"lazy\" decoding=\"async\" class=\"alignleft size-large wp-image-472\" alt=\"2017-03-24 14.56.58\" src=\"https:\/\/wildeflora.ch\/wp-content\/uploads\/2017\/04\/2017-03-24-14.56.58-1024x576.jpg\" width=\"680\" height=\"382\" srcset=\"https:\/\/wildeflora.ch\/wp-content\/uploads\/2017\/04\/2017-03-24-14.56.58-1024x576.jpg 1024w, https:\/\/wildeflora.ch\/wp-content\/uploads\/2017\/04\/2017-03-24-14.56.58-300x168.jpg 300w\" sizes=\"auto, (max-width: 709px) 85vw, (max-width: 909px) 67vw, (max-width: 984px) 61vw, (max-width: 1362px) 45vw, 600px\" \/><\/a> <a href=\"https:\/\/wildeflora.ch\/?attachment_id=471\" rel=\"attachment wp-att-471\"><img loading=\"lazy\" decoding=\"async\" class=\"alignleft size-large wp-image-471\" alt=\"2017-03-24 15.01.50\" src=\"https:\/\/wildeflora.ch\/wp-content\/uploads\/2017\/04\/2017-03-24-15.01.50-1024x576.jpg\" width=\"680\" height=\"382\" srcset=\"https:\/\/wildeflora.ch\/wp-content\/uploads\/2017\/04\/2017-03-24-15.01.50-1024x576.jpg 1024w, https:\/\/wildeflora.ch\/wp-content\/uploads\/2017\/04\/2017-03-24-15.01.50-300x168.jpg 300w\" sizes=\"auto, (max-width: 709px) 85vw, (max-width: 909px) 67vw, (max-width: 984px) 61vw, (max-width: 1362px) 45vw, 600px\" \/><\/a><a href=\"https:\/\/wildeflora.ch\/?attachment_id=475\" rel=\"attachment wp-att-475\"><img loading=\"lazy\" decoding=\"async\" class=\"alignleft size-large wp-image-475\" alt=\"2017-03-12 16.04.14\" src=\"https:\/\/wildeflora.ch\/wp-content\/uploads\/2017\/04\/2017-03-12-16.04.14-e1491595746617-576x1024.jpg\" width=\"576\" height=\"1024\" srcset=\"https:\/\/wildeflora.ch\/wp-content\/uploads\/2017\/04\/2017-03-12-16.04.14-e1491595746617-576x1024.jpg 576w, https:\/\/wildeflora.ch\/wp-content\/uploads\/2017\/04\/2017-03-12-16.04.14-e1491595746617-168x300.jpg 168w\" sizes=\"auto, (max-width: 576px) 85vw, 576px\" \/><\/a><\/p>\n","protected":false},"excerpt":{"rendered":"<p>In den ersten\u00a0 M\u00e4rztagen habe ich die Tomaten, Zinnien, die blauen Winden, Malven und\u00a0 Kornblumen ausges\u00e4t. Im Schrebergarten bl\u00fchen unterdessen die Fr\u00fchlingsblumen um die Wette:<\/p>\n","protected":false},"author":3,"featured_media":0,"comment_status":"open","ping_status":"open","sticky":false,"template":"","format":"standard","meta":{"footnotes":""},"categories":[1],"tags":[],"class_list":["post-481","post","type-post","status-publish","format-standard","hentry","category-uncategorized"],"_links":{"self":[{"href":"https:\/\/wildeflora.ch\/index.php?rest_route=\/wp\/v2\/posts\/481","targetHints":{"allow":["GET"]}}],"collection":[{"href":"https:\/\/wildeflora.ch\/index.php?rest_route=\/wp\/v2\/posts"}],"about":[{"href":"https:\/\/wildeflora.ch\/index.php?rest_route=\/wp\/v2\/types\/post"}],"author":[{"embeddable":true,"href":"https:\/\/wildeflora.ch\/index.php?rest_route=\/wp\/v2\/users\/3"}],"replies":[{"embeddable":true,"href":"https:\/\/wildeflora.ch\/index.php?rest_route=%2Fwp%2Fv2%2Fcomments&post=481"}],"version-history":[{"count":2,"href":"https:\/\/wildeflora.ch\/index.php?rest_route=\/wp\/v2\/posts\/481\/revisions"}],"predecessor-version":[{"id":485,"href":"https:\/\/wildeflora.ch\/index.php?rest_route=\/wp\/v2\/posts\/481\/revisions\/485"}],"wp:attachment":[{"href":"https:\/\/wildeflora.ch\/index.php?rest_route=%2Fwp%2Fv2%2Fmedia&parent=481"}],"wp:term":[{"taxonomy":"category","embeddable":true,"href":"https:\/\/wildeflora.ch\/index.php?rest_route=%2Fwp%2Fv2%2Fcategories&post=481"},{"taxonomy":"post_tag","embeddable":true,"href":"https:\/\/wildeflora.ch\/index.php?rest_route=%2Fwp%2Fv2%2Ftags&post=481"}],"curies":[{"name":"wp","href":"https:\/\/api.w.org\/{rel}","templated":true}]}}