{"id":491,"date":"2017-04-07T20:23:44","date_gmt":"2017-04-07T20:23:44","guid":{"rendered":"http:\/\/wildeflora.ch\/?p=491"},"modified":"2017-04-07T20:26:09","modified_gmt":"2017-04-07T20:26:09","slug":"unvorstellbar","status":"publish","type":"post","link":"https:\/\/wildeflora.ch\/?p=491","title":{"rendered":"Unvorstellbar"},"content":{"rendered":"<p>Dass aus den sp\u00e4rlich bewachsenen Beeten einst ein \u00fcppig bl\u00fchender Garten werden kann, unglaublich! Einstweilen habe ich den ersten Durchgang des J\u00e4tens abgeschlossen. Neues st\u00f6sst schon nach.<\/p>\n<p><a href=\"https:\/\/wildeflora.ch\/?attachment_id=469\" rel=\"attachment wp-att-469\"><img loading=\"lazy\" decoding=\"async\" class=\"alignleft size-large wp-image-469\" alt=\"2017-03-26 14.25.59\" src=\"https:\/\/wildeflora.ch\/wp-content\/uploads\/2017\/04\/2017-03-26-14.25.59-1024x576.jpg\" width=\"680\" height=\"382\" srcset=\"https:\/\/wildeflora.ch\/wp-content\/uploads\/2017\/04\/2017-03-26-14.25.59-1024x576.jpg 1024w, https:\/\/wildeflora.ch\/wp-content\/uploads\/2017\/04\/2017-03-26-14.25.59-300x168.jpg 300w\" sizes=\"auto, (max-width: 709px) 85vw, (max-width: 909px) 67vw, (max-width: 984px) 61vw, (max-width: 1362px) 45vw, 600px\" \/><\/a> <a href=\"https:\/\/wildeflora.ch\/?attachment_id=466\" rel=\"attachment wp-att-466\"><img loading=\"lazy\" decoding=\"async\" class=\"alignleft size-large wp-image-466\" alt=\"2017-04-07 10.35.21\" src=\"https:\/\/wildeflora.ch\/wp-content\/uploads\/2017\/04\/2017-04-07-10.35.21-e1491596394186-576x1024.jpg\" width=\"576\" height=\"1024\" srcset=\"https:\/\/wildeflora.ch\/wp-content\/uploads\/2017\/04\/2017-04-07-10.35.21-e1491596394186-576x1024.jpg 576w, https:\/\/wildeflora.ch\/wp-content\/uploads\/2017\/04\/2017-04-07-10.35.21-e1491596394186-168x300.jpg 168w\" sizes=\"auto, (max-width: 576px) 85vw, 576px\" \/><\/a><\/p>\n<p>&nbsp;<\/p>\n<p>&nbsp;<\/p>\n<p>&nbsp;<\/p>\n<p>&nbsp;<\/p>\n<p>&nbsp;<\/p>\n<p>&nbsp;<\/p>\n<p>&nbsp;<\/p>\n<p>&nbsp;<\/p>\n<p>&nbsp;<\/p>\n<p>&nbsp;<\/p>\n<p>&nbsp;<\/p>\n<p>&nbsp;<\/p>\n<p>&nbsp;<\/p>\n<p>&nbsp;<\/p>\n<p>&nbsp;<\/p>\n<p>&nbsp;<\/p>\n<p>&nbsp;<\/p>\n<p>&nbsp;<\/p>\n<p>&nbsp;<\/p>\n<p>&nbsp;<\/p>\n<p>Die winterharten Chrisanthemen aus dem Garten der Gr\u00e4fin von Zeppelin, haben diesmal ein sonnigeres gr\u00f6sseres Pl\u00e4tzchen erhalten. Ich hoffe, sie gedeihen.<\/p>\n","protected":false},"excerpt":{"rendered":"<p>Dass aus den sp\u00e4rlich bewachsenen Beeten einst ein \u00fcppig bl\u00fchender Garten werden kann, unglaublich! Einstweilen habe ich den ersten Durchgang des J\u00e4tens abgeschlossen. Neues st\u00f6sst schon nach. &nbsp; &nbsp; &nbsp; &nbsp; &nbsp; &nbsp; &nbsp; &nbsp; &nbsp; &nbsp; &nbsp; &nbsp; &nbsp; &nbsp; &nbsp; &nbsp; &nbsp; &nbsp; &nbsp; &nbsp; Die winterharten Chrisanthemen aus dem Garten der Gr\u00e4fin &hellip; <a href=\"https:\/\/wildeflora.ch\/?p=491\" class=\"more-link\"><span class=\"screen-reader-text\">\u201eUnvorstellbar\u201c<\/span> weiterlesen<\/a><\/p>\n","protected":false},"author":3,"featured_media":0,"comment_status":"open","ping_status":"open","sticky":false,"template":"","format":"standard","meta":{"footnotes":""},"categories":[1],"tags":[],"class_list":["post-491","post","type-post","status-publish","format-standard","hentry","category-uncategorized"],"_links":{"self":[{"href":"https:\/\/wildeflora.ch\/index.php?rest_route=\/wp\/v2\/posts\/491","targetHints":{"allow":["GET"]}}],"collection":[{"href":"https:\/\/wildeflora.ch\/index.php?rest_route=\/wp\/v2\/posts"}],"about":[{"href":"https:\/\/wildeflora.ch\/index.php?rest_route=\/wp\/v2\/types\/post"}],"author":[{"embeddable":true,"href":"https:\/\/wildeflora.ch\/index.php?rest_route=\/wp\/v2\/users\/3"}],"replies":[{"embeddable":true,"href":"https:\/\/wildeflora.ch\/index.php?rest_route=%2Fwp%2Fv2%2Fcomments&post=491"}],"version-history":[{"count":5,"href":"https:\/\/wildeflora.ch\/index.php?rest_route=\/wp\/v2\/posts\/491\/revisions"}],"predecessor-version":[{"id":496,"href":"https:\/\/wildeflora.ch\/index.php?rest_route=\/wp\/v2\/posts\/491\/revisions\/496"}],"wp:attachment":[{"href":"https:\/\/wildeflora.ch\/index.php?rest_route=%2Fwp%2Fv2%2Fmedia&parent=491"}],"wp:term":[{"taxonomy":"category","embeddable":true,"href":"https:\/\/wildeflora.ch\/index.php?rest_route=%2Fwp%2Fv2%2Fcategories&post=491"},{"taxonomy":"post_tag","embeddable":true,"href":"https:\/\/wildeflora.ch\/index.php?rest_route=%2Fwp%2Fv2%2Ftags&post=491"}],"curies":[{"name":"wp","href":"https:\/\/api.w.org\/{rel}","templated":true}]}}