{"id":569,"date":"2019-09-01T11:53:03","date_gmt":"2019-09-01T11:53:03","guid":{"rendered":"http:\/\/wildeflora.ch\/?p=569"},"modified":"2019-09-01T11:54:06","modified_gmt":"2019-09-01T11:54:06","slug":"zweijaehrige-pflanzen-gesetzt","status":"publish","type":"post","link":"https:\/\/wildeflora.ch\/?p=569","title":{"rendered":"Zweij\u00e4hrige Pflanzen gesetzt"},"content":{"rendered":"<p>Rechtzeitig auf Ende August Erdbeeren vom J\u00e4t befreit und neue gesetzt, Glockenblumen und Digitalis ausgepflanzt. Allerdings wollten die ausges\u00e4ten Bartnelken dieses Jahr nicht richtig wachsen. N\u00e4chstes Jahr wird also leider praktisch ohne sie stattfinden.<img decoding=\"async\" class=\"size-full\" data-wpid=\"2\" src=\"https:\/\/wildeflora.ch\/wp-content\/uploads\/2019\/09\/20190901_125600.jpg\" \/><\/p>\n","protected":false},"excerpt":{"rendered":"<p>Rechtzeitig auf Ende August Erdbeeren vom J\u00e4t befreit und neue gesetzt, Glockenblumen und Digitalis ausgepflanzt. Allerdings wollten die ausges\u00e4ten Bartnelken dieses Jahr nicht richtig wachsen. N\u00e4chstes Jahr wird also leider praktisch ohne sie stattfinden.<\/p>\n","protected":false},"author":3,"featured_media":0,"comment_status":"open","ping_status":"open","sticky":false,"template":"","format":"standard","meta":{"footnotes":""},"categories":[1],"tags":[],"class_list":["post-569","post","type-post","status-publish","format-standard","hentry","category-uncategorized"],"_links":{"self":[{"href":"https:\/\/wildeflora.ch\/index.php?rest_route=\/wp\/v2\/posts\/569","targetHints":{"allow":["GET"]}}],"collection":[{"href":"https:\/\/wildeflora.ch\/index.php?rest_route=\/wp\/v2\/posts"}],"about":[{"href":"https:\/\/wildeflora.ch\/index.php?rest_route=\/wp\/v2\/types\/post"}],"author":[{"embeddable":true,"href":"https:\/\/wildeflora.ch\/index.php?rest_route=\/wp\/v2\/users\/3"}],"replies":[{"embeddable":true,"href":"https:\/\/wildeflora.ch\/index.php?rest_route=%2Fwp%2Fv2%2Fcomments&post=569"}],"version-history":[{"count":2,"href":"https:\/\/wildeflora.ch\/index.php?rest_route=\/wp\/v2\/posts\/569\/revisions"}],"predecessor-version":[{"id":572,"href":"https:\/\/wildeflora.ch\/index.php?rest_route=\/wp\/v2\/posts\/569\/revisions\/572"}],"wp:attachment":[{"href":"https:\/\/wildeflora.ch\/index.php?rest_route=%2Fwp%2Fv2%2Fmedia&parent=569"}],"wp:term":[{"taxonomy":"category","embeddable":true,"href":"https:\/\/wildeflora.ch\/index.php?rest_route=%2Fwp%2Fv2%2Fcategories&post=569"},{"taxonomy":"post_tag","embeddable":true,"href":"https:\/\/wildeflora.ch\/index.php?rest_route=%2Fwp%2Fv2%2Ftags&post=569"}],"curies":[{"name":"wp","href":"https:\/\/api.w.org\/{rel}","templated":true}]}}