{"id":587,"date":"2019-10-15T06:37:28","date_gmt":"2019-10-15T06:37:28","guid":{"rendered":"http:\/\/wildeflora.ch\/?p=587"},"modified":"2019-10-15T06:37:28","modified_gmt":"2019-10-15T06:37:28","slug":"chrysanthemen","status":"publish","type":"post","link":"https:\/\/wildeflora.ch\/?p=587","title":{"rendered":"Chrysanthemen"},"content":{"rendered":"\n<p class=\"wp-block-paragraph\">Mit einer Ausnahme werden alle Chrysanthemen die ich im Fr\u00fchlin von Sarastro bestellt habe bl\u00fchen. Jetzt hoffe ich nur, dass auch alle winterhart sind! Einige wenige aus dem Garten Gr\u00e4fin von Zeppelin haben bereits zwei Winter \u00fcberlebt. <\/p>\n\n\n\n<figure class=\"wp-block-image\"><img loading=\"lazy\" decoding=\"async\" width=\"1024\" height=\"768\" src=\"https:\/\/wildeflora.ch\/wp-content\/uploads\/2019\/10\/2019-10-14-17.33.37-1024x768.jpg\" alt=\"Chrysantheme Poesie (Sarastro)\" class=\"wp-image-598\" srcset=\"https:\/\/wildeflora.ch\/wp-content\/uploads\/2019\/10\/2019-10-14-17.33.37-1024x768.jpg 1024w, https:\/\/wildeflora.ch\/wp-content\/uploads\/2019\/10\/2019-10-14-17.33.37-300x225.jpg 300w, https:\/\/wildeflora.ch\/wp-content\/uploads\/2019\/10\/2019-10-14-17.33.37-768x576.jpg 768w\" sizes=\"auto, (max-width: 709px) 85vw, (max-width: 909px) 67vw, (max-width: 1362px) 62vw, 840px\" \/><figcaption>Poesie (Sarastro)<\/figcaption><\/figure>\n\n\n\n<p class=\"wp-block-paragraph\"><\/p>\n\n\n\n<figure class=\"wp-block-image\"><img loading=\"lazy\" decoding=\"async\" width=\"1024\" height=\"768\" src=\"https:\/\/wildeflora.ch\/wp-content\/uploads\/2019\/10\/2019-10-14-17.40.58-1024x768.jpg\" alt=\"Chrysantheme Beste Gelbe\" class=\"wp-image-590\" srcset=\"https:\/\/wildeflora.ch\/wp-content\/uploads\/2019\/10\/2019-10-14-17.40.58-1024x768.jpg 1024w, https:\/\/wildeflora.ch\/wp-content\/uploads\/2019\/10\/2019-10-14-17.40.58-300x225.jpg 300w, https:\/\/wildeflora.ch\/wp-content\/uploads\/2019\/10\/2019-10-14-17.40.58-768x576.jpg 768w\" sizes=\"auto, (max-width: 709px) 85vw, (max-width: 909px) 67vw, (max-width: 1362px) 62vw, 840px\" \/><figcaption>Beste Gelbe (Sarastro)<\/figcaption><\/figure>\n\n\n\n<figure class=\"wp-block-image\"><img loading=\"lazy\" decoding=\"async\" width=\"1024\" height=\"768\" src=\"https:\/\/wildeflora.ch\/wp-content\/uploads\/2019\/10\/2019-10-14-17.39.20-1024x768.jpg\" alt=\"Chrysantheme Feuerzauber (Gr\u00e4fin Zeppelin)\" class=\"wp-image-592\" srcset=\"https:\/\/wildeflora.ch\/wp-content\/uploads\/2019\/10\/2019-10-14-17.39.20-1024x768.jpg 1024w, https:\/\/wildeflora.ch\/wp-content\/uploads\/2019\/10\/2019-10-14-17.39.20-300x225.jpg 300w, https:\/\/wildeflora.ch\/wp-content\/uploads\/2019\/10\/2019-10-14-17.39.20-768x576.jpg 768w\" sizes=\"auto, (max-width: 709px) 85vw, (max-width: 909px) 67vw, (max-width: 1362px) 62vw, 840px\" \/><figcaption>Feuerzauber (Gr\u00e4fin Zeppelin)<\/figcaption><\/figure>\n\n\n\n<figure class=\"wp-block-image\"><img loading=\"lazy\" decoding=\"async\" width=\"1024\" height=\"768\" src=\"https:\/\/wildeflora.ch\/wp-content\/uploads\/2019\/10\/2019-10-14-17.39.02-1024x768.jpg\" alt=\"Chrysantheme Bronzeriese (Sarastro)\" class=\"wp-image-594\" srcset=\"https:\/\/wildeflora.ch\/wp-content\/uploads\/2019\/10\/2019-10-14-17.39.02-1024x768.jpg 1024w, https:\/\/wildeflora.ch\/wp-content\/uploads\/2019\/10\/2019-10-14-17.39.02-300x225.jpg 300w, https:\/\/wildeflora.ch\/wp-content\/uploads\/2019\/10\/2019-10-14-17.39.02-768x576.jpg 768w\" sizes=\"auto, (max-width: 709px) 85vw, (max-width: 909px) 67vw, (max-width: 1362px) 62vw, 840px\" \/><figcaption>Bronzeriese (Sarastro)<\/figcaption><\/figure>\n\n\n\n<figure class=\"wp-block-image\"><img loading=\"lazy\" decoding=\"async\" width=\"1024\" height=\"768\" src=\"https:\/\/wildeflora.ch\/wp-content\/uploads\/2019\/10\/2019-10-14-17.37.37-1024x768.jpg\" alt=\"Chrysantheme Speer (Sarastro)\" class=\"wp-image-595\" srcset=\"https:\/\/wildeflora.ch\/wp-content\/uploads\/2019\/10\/2019-10-14-17.37.37-1024x768.jpg 1024w, https:\/\/wildeflora.ch\/wp-content\/uploads\/2019\/10\/2019-10-14-17.37.37-300x225.jpg 300w, https:\/\/wildeflora.ch\/wp-content\/uploads\/2019\/10\/2019-10-14-17.37.37-768x576.jpg 768w\" sizes=\"auto, (max-width: 709px) 85vw, (max-width: 909px) 67vw, (max-width: 1362px) 62vw, 840px\" \/><figcaption>Speer (Sarastro)<\/figcaption><\/figure>\n\n\n\n<figure class=\"wp-block-image\"><img loading=\"lazy\" decoding=\"async\" width=\"1024\" height=\"768\" src=\"https:\/\/wildeflora.ch\/wp-content\/uploads\/2019\/10\/2019-10-14-17.35.50-1024x768.jpg\" alt=\"Chrysantheme Bienchen (Gr\u00e4fin von Zeppelin)\" class=\"wp-image-596\" srcset=\"https:\/\/wildeflora.ch\/wp-content\/uploads\/2019\/10\/2019-10-14-17.35.50-1024x768.jpg 1024w, https:\/\/wildeflora.ch\/wp-content\/uploads\/2019\/10\/2019-10-14-17.35.50-300x225.jpg 300w, https:\/\/wildeflora.ch\/wp-content\/uploads\/2019\/10\/2019-10-14-17.35.50-768x576.jpg 768w\" sizes=\"auto, (max-width: 709px) 85vw, (max-width: 909px) 67vw, (max-width: 1362px) 62vw, 840px\" \/><figcaption>Bienchen (Gr\u00e4fin von Zeppelin)<\/figcaption><\/figure>\n\n\n\n<figure class=\"wp-block-image\"><img loading=\"lazy\" decoding=\"async\" width=\"1024\" height=\"768\" src=\"https:\/\/wildeflora.ch\/wp-content\/uploads\/2019\/10\/2019-10-14-17.35.09-1024x768.jpg\" alt=\"Chrysantheme Apollo (Sarastro)\" class=\"wp-image-597\" srcset=\"https:\/\/wildeflora.ch\/wp-content\/uploads\/2019\/10\/2019-10-14-17.35.09-1024x768.jpg 1024w, https:\/\/wildeflora.ch\/wp-content\/uploads\/2019\/10\/2019-10-14-17.35.09-300x225.jpg 300w, https:\/\/wildeflora.ch\/wp-content\/uploads\/2019\/10\/2019-10-14-17.35.09-768x576.jpg 768w\" sizes=\"auto, (max-width: 709px) 85vw, (max-width: 909px) 67vw, (max-width: 1362px) 62vw, 840px\" \/><figcaption>Apollo (Sarastro)<\/figcaption><\/figure>\n\n\n\n<figure class=\"wp-block-image\"><img loading=\"lazy\" decoding=\"async\" width=\"1024\" height=\"768\" src=\"https:\/\/wildeflora.ch\/wp-content\/uploads\/2019\/10\/2019-10-14-17.33.06-1024x768.jpg\" alt=\"Chrysantheme Brennpunkt (Sarastro)\" class=\"wp-image-600\" srcset=\"https:\/\/wildeflora.ch\/wp-content\/uploads\/2019\/10\/2019-10-14-17.33.06-1024x768.jpg 1024w, https:\/\/wildeflora.ch\/wp-content\/uploads\/2019\/10\/2019-10-14-17.33.06-300x225.jpg 300w, https:\/\/wildeflora.ch\/wp-content\/uploads\/2019\/10\/2019-10-14-17.33.06-768x576.jpg 768w\" sizes=\"auto, (max-width: 709px) 85vw, (max-width: 909px) 67vw, (max-width: 1362px) 62vw, 840px\" \/><figcaption>Brennpunkt (Sarastro)<\/figcaption><\/figure>\n\n\n\n<figure class=\"wp-block-image\"><img loading=\"lazy\" decoding=\"async\" width=\"1024\" height=\"768\" src=\"https:\/\/wildeflora.ch\/wp-content\/uploads\/2019\/10\/2019-10-14-17.32.24-1024x768.jpg\" alt=\"Yellow Satellit (Sarastro)\" class=\"wp-image-601\" srcset=\"https:\/\/wildeflora.ch\/wp-content\/uploads\/2019\/10\/2019-10-14-17.32.24-1024x768.jpg 1024w, https:\/\/wildeflora.ch\/wp-content\/uploads\/2019\/10\/2019-10-14-17.32.24-300x225.jpg 300w, https:\/\/wildeflora.ch\/wp-content\/uploads\/2019\/10\/2019-10-14-17.32.24-768x576.jpg 768w\" sizes=\"auto, (max-width: 709px) 85vw, (max-width: 909px) 67vw, (max-width: 1362px) 62vw, 840px\" \/><figcaption>Yellow Satellit (Sarastro)<\/figcaption><\/figure>\n\n\n\n<figure class=\"wp-block-image\"><img loading=\"lazy\" decoding=\"async\" width=\"1024\" height=\"768\" src=\"https:\/\/wildeflora.ch\/wp-content\/uploads\/2019\/10\/2019-10-14-17.41.41-1024x768.jpg\" alt=\"Chrysantheme Citronella (Gr\u00e4fin Zeppelin)\" class=\"wp-image-588\" srcset=\"https:\/\/wildeflora.ch\/wp-content\/uploads\/2019\/10\/2019-10-14-17.41.41-1024x768.jpg 1024w, https:\/\/wildeflora.ch\/wp-content\/uploads\/2019\/10\/2019-10-14-17.41.41-300x225.jpg 300w, https:\/\/wildeflora.ch\/wp-content\/uploads\/2019\/10\/2019-10-14-17.41.41-768x576.jpg 768w\" sizes=\"auto, (max-width: 709px) 85vw, (max-width: 909px) 67vw, (max-width: 1362px) 62vw, 840px\" \/><figcaption> Citronella (Gr\u00e4fin Zeppelin) <\/figcaption><\/figure>\n","protected":false},"excerpt":{"rendered":"<p>Mit einer Ausnahme werden alle Chrysanthemen die ich im Fr\u00fchlin von Sarastro bestellt habe bl\u00fchen. Jetzt hoffe ich nur, dass auch alle winterhart sind! Einige wenige aus dem Garten Gr\u00e4fin von Zeppelin haben bereits zwei Winter \u00fcberlebt.<\/p>\n","protected":false},"author":3,"featured_media":0,"comment_status":"open","ping_status":"open","sticky":false,"template":"","format":"standard","meta":{"footnotes":""},"categories":[1],"tags":[],"class_list":["post-587","post","type-post","status-publish","format-standard","hentry","category-uncategorized"],"_links":{"self":[{"href":"https:\/\/wildeflora.ch\/index.php?rest_route=\/wp\/v2\/posts\/587","targetHints":{"allow":["GET"]}}],"collection":[{"href":"https:\/\/wildeflora.ch\/index.php?rest_route=\/wp\/v2\/posts"}],"about":[{"href":"https:\/\/wildeflora.ch\/index.php?rest_route=\/wp\/v2\/types\/post"}],"author":[{"embeddable":true,"href":"https:\/\/wildeflora.ch\/index.php?rest_route=\/wp\/v2\/users\/3"}],"replies":[{"embeddable":true,"href":"https:\/\/wildeflora.ch\/index.php?rest_route=%2Fwp%2Fv2%2Fcomments&post=587"}],"version-history":[{"count":8,"href":"https:\/\/wildeflora.ch\/index.php?rest_route=\/wp\/v2\/posts\/587\/revisions"}],"predecessor-version":[{"id":605,"href":"https:\/\/wildeflora.ch\/index.php?rest_route=\/wp\/v2\/posts\/587\/revisions\/605"}],"wp:attachment":[{"href":"https:\/\/wildeflora.ch\/index.php?rest_route=%2Fwp%2Fv2%2Fmedia&parent=587"}],"wp:term":[{"taxonomy":"category","embeddable":true,"href":"https:\/\/wildeflora.ch\/index.php?rest_route=%2Fwp%2Fv2%2Fcategories&post=587"},{"taxonomy":"post_tag","embeddable":true,"href":"https:\/\/wildeflora.ch\/index.php?rest_route=%2Fwp%2Fv2%2Ftags&post=587"}],"curies":[{"name":"wp","href":"https:\/\/api.w.org\/{rel}","templated":true}]}}