{"id":608,"date":"2020-03-07T16:38:58","date_gmt":"2020-03-07T16:38:58","guid":{"rendered":"http:\/\/wildeflora.ch\/?p=608"},"modified":"2020-03-07T16:45:48","modified_gmt":"2020-03-07T16:45:48","slug":"saison-hat-begonnen","status":"publish","type":"post","link":"https:\/\/wildeflora.ch\/?p=608","title":{"rendered":"Die Saison hat begonnen"},"content":{"rendered":"\n<p class=\"wp-block-paragraph\">Gestern und heute die Grundlagen f\u00fcr ein \u00fcppiges Gartenjahr gelegt:  Dahlienknollen treiben im Keller &#8230; <\/p>\n\n\n\n<figure class=\"wp-block-gallery columns-1 is-cropped wp-block-gallery-1 is-layout-flex wp-block-gallery-is-layout-flex\"><ul class=\"blocks-gallery-grid\"><li class=\"blocks-gallery-item\"><figure><img loading=\"lazy\" decoding=\"async\" width=\"1920\" height=\"2560\" src=\"https:\/\/wildeflora.ch\/wp-content\/uploads\/2020\/03\/20200307_1651366165128057698836890-scaled.jpg\" data-id=\"609\" class=\"wp-image-609\" srcset=\"https:\/\/wildeflora.ch\/wp-content\/uploads\/2020\/03\/20200307_1651366165128057698836890-scaled.jpg 1920w, https:\/\/wildeflora.ch\/wp-content\/uploads\/2020\/03\/20200307_1651366165128057698836890-225x300.jpg 225w, https:\/\/wildeflora.ch\/wp-content\/uploads\/2020\/03\/20200307_1651366165128057698836890-768x1024.jpg 768w, https:\/\/wildeflora.ch\/wp-content\/uploads\/2020\/03\/20200307_1651366165128057698836890-1152x1536.jpg 1152w, https:\/\/wildeflora.ch\/wp-content\/uploads\/2020\/03\/20200307_1651366165128057698836890-1536x2048.jpg 1536w\" sizes=\"auto, (max-width: 709px) 85vw, (max-width: 909px) 67vw, (max-width: 1362px) 62vw, 840px\" \/><\/figure><\/li><\/ul><\/figure>\n\n\n\n<p class=\"wp-block-paragraph\">Flugs kleine und grosse T\u00f6pfchen mit Erde gef\u00fcllt (ohne Torf selbstverst\u00e4ndlich) &#8230;<\/p>\n\n\n\n<figure class=\"wp-block-image size-large\"><img loading=\"lazy\" decoding=\"async\" width=\"1920\" height=\"2560\" src=\"https:\/\/wildeflora.ch\/wp-content\/uploads\/2020\/03\/20200307_1652498970060160573835707-scaled.jpg\" alt=\"\" class=\"wp-image-610\" srcset=\"https:\/\/wildeflora.ch\/wp-content\/uploads\/2020\/03\/20200307_1652498970060160573835707-scaled.jpg 1920w, https:\/\/wildeflora.ch\/wp-content\/uploads\/2020\/03\/20200307_1652498970060160573835707-225x300.jpg 225w, https:\/\/wildeflora.ch\/wp-content\/uploads\/2020\/03\/20200307_1652498970060160573835707-768x1024.jpg 768w, https:\/\/wildeflora.ch\/wp-content\/uploads\/2020\/03\/20200307_1652498970060160573835707-1152x1536.jpg 1152w, https:\/\/wildeflora.ch\/wp-content\/uploads\/2020\/03\/20200307_1652498970060160573835707-1536x2048.jpg 1536w\" sizes=\"auto, (max-width: 709px) 85vw, (max-width: 909px) 67vw, (max-width: 1362px) 62vw, 840px\" \/><\/figure>\n\n\n\n<p class=\"wp-block-paragraph\">&#8230; und ans Fenster gestellt. In ein paar Tagen werde ich ihnen beim Wachsen zusehen k\u00f6nnen \ud83d\ude42 <\/p>\n\n\n\n<figure class=\"wp-block-image size-large\"><img loading=\"lazy\" decoding=\"async\" width=\"2560\" height=\"1920\" src=\"https:\/\/wildeflora.ch\/wp-content\/uploads\/2020\/03\/20200307_165027-scaled.jpg\" alt=\"\" class=\"wp-image-611\" srcset=\"https:\/\/wildeflora.ch\/wp-content\/uploads\/2020\/03\/20200307_165027-scaled.jpg 2560w, https:\/\/wildeflora.ch\/wp-content\/uploads\/2020\/03\/20200307_165027-300x225.jpg 300w, https:\/\/wildeflora.ch\/wp-content\/uploads\/2020\/03\/20200307_165027-1024x768.jpg 1024w, https:\/\/wildeflora.ch\/wp-content\/uploads\/2020\/03\/20200307_165027-768x576.jpg 768w, https:\/\/wildeflora.ch\/wp-content\/uploads\/2020\/03\/20200307_165027-1536x1152.jpg 1536w, https:\/\/wildeflora.ch\/wp-content\/uploads\/2020\/03\/20200307_165027-2048x1536.jpg 2048w\" sizes=\"auto, (max-width: 709px) 85vw, (max-width: 909px) 67vw, (max-width: 1362px) 62vw, 840px\" \/><\/figure>\n\n\n\n<p class=\"wp-block-paragraph\">Draussen kann ich schon zusehen:<\/p>\n\n\n\n<figure class=\"wp-block-image size-large\"><img loading=\"lazy\" decoding=\"async\" width=\"1024\" height=\"1024\" src=\"https:\/\/wildeflora.ch\/wp-content\/uploads\/2020\/03\/IMG_20200301_222717_620-1024x1024.jpg\" alt=\"\" class=\"wp-image-612\" srcset=\"https:\/\/wildeflora.ch\/wp-content\/uploads\/2020\/03\/IMG_20200301_222717_620-1024x1024.jpg 1024w, https:\/\/wildeflora.ch\/wp-content\/uploads\/2020\/03\/IMG_20200301_222717_620-300x300.jpg 300w, https:\/\/wildeflora.ch\/wp-content\/uploads\/2020\/03\/IMG_20200301_222717_620-150x150.jpg 150w, https:\/\/wildeflora.ch\/wp-content\/uploads\/2020\/03\/IMG_20200301_222717_620-768x768.jpg 768w, https:\/\/wildeflora.ch\/wp-content\/uploads\/2020\/03\/IMG_20200301_222717_620-1536x1536.jpg 1536w, https:\/\/wildeflora.ch\/wp-content\/uploads\/2020\/03\/IMG_20200301_222717_620-2048x2048.jpg 2048w\" sizes=\"auto, (max-width: 709px) 85vw, (max-width: 909px) 67vw, (max-width: 1362px) 62vw, 840px\" \/><\/figure>\n","protected":false},"excerpt":{"rendered":"<p>Gestern und heute die Grundlagen f\u00fcr ein \u00fcppiges Gartenjahr gelegt: Dahlienknollen treiben im Keller &#8230; Flugs kleine und grosse T\u00f6pfchen mit Erde gef\u00fcllt (ohne Torf selbstverst\u00e4ndlich) &#8230; &#8230; und ans Fenster gestellt. In ein paar Tagen werde ich ihnen beim Wachsen zusehen k\u00f6nnen \ud83d\ude42 Draussen kann ich schon zusehen:<\/p>\n","protected":false},"author":3,"featured_media":0,"comment_status":"open","ping_status":"open","sticky":false,"template":"","format":"standard","meta":{"footnotes":""},"categories":[1],"tags":[],"class_list":["post-608","post","type-post","status-publish","format-standard","hentry","category-uncategorized"],"_links":{"self":[{"href":"https:\/\/wildeflora.ch\/index.php?rest_route=\/wp\/v2\/posts\/608","targetHints":{"allow":["GET"]}}],"collection":[{"href":"https:\/\/wildeflora.ch\/index.php?rest_route=\/wp\/v2\/posts"}],"about":[{"href":"https:\/\/wildeflora.ch\/index.php?rest_route=\/wp\/v2\/types\/post"}],"author":[{"embeddable":true,"href":"https:\/\/wildeflora.ch\/index.php?rest_route=\/wp\/v2\/users\/3"}],"replies":[{"embeddable":true,"href":"https:\/\/wildeflora.ch\/index.php?rest_route=%2Fwp%2Fv2%2Fcomments&post=608"}],"version-history":[{"count":3,"href":"https:\/\/wildeflora.ch\/index.php?rest_route=\/wp\/v2\/posts\/608\/revisions"}],"predecessor-version":[{"id":616,"href":"https:\/\/wildeflora.ch\/index.php?rest_route=\/wp\/v2\/posts\/608\/revisions\/616"}],"wp:attachment":[{"href":"https:\/\/wildeflora.ch\/index.php?rest_route=%2Fwp%2Fv2%2Fmedia&parent=608"}],"wp:term":[{"taxonomy":"category","embeddable":true,"href":"https:\/\/wildeflora.ch\/index.php?rest_route=%2Fwp%2Fv2%2Fcategories&post=608"},{"taxonomy":"post_tag","embeddable":true,"href":"https:\/\/wildeflora.ch\/index.php?rest_route=%2Fwp%2Fv2%2Ftags&post=608"}],"curies":[{"name":"wp","href":"https:\/\/api.w.org\/{rel}","templated":true}]}}