{"id":633,"date":"2022-04-14T13:02:42","date_gmt":"2022-04-14T13:02:42","guid":{"rendered":"http:\/\/wildeflora.ch\/?p=633"},"modified":"2022-04-14T13:02:42","modified_gmt":"2022-04-14T13:02:42","slug":"altes-projekt-abgeschlossen-neues-begonnen","status":"publish","type":"post","link":"https:\/\/wildeflora.ch\/?p=633","title":{"rendered":"Altes Projekt abgeschlossen &#8211; Neues begonnen"},"content":{"rendered":"\n<p class=\"wp-block-paragraph\">Das alte St\u00fcck Land ist Geschichte und wird von einer andern G\u00e4rtnerin betreut. Ich versuche einem alten Garten neues Leben einzuhauchen. Es ist Fr\u00fchling geworden. <\/p>\n\n\n\n<p class=\"wp-block-paragraph\">Im Herbst die geteilten Stauden aus dem Schrebergarten nach Seltisberg verpflanzt. Was wohl alles den Winter \u00fcberlebt hat?<\/p>\n\n\n\n<figure class=\"wp-block-gallery has-nested-images columns-default is-cropped wp-block-gallery-1 is-layout-flex wp-block-gallery-is-layout-flex\">\n<figure class=\"wp-block-image size-large\"><a href=\"https:\/\/wildeflora.ch\/wp-content\/uploads\/2022\/04\/2021-10-17-14.23.58-1-scaled.jpg\"><img loading=\"lazy\" decoding=\"async\" width=\"1024\" height=\"576\" data-id=\"639\" src=\"https:\/\/wildeflora.ch\/wp-content\/uploads\/2022\/04\/2021-10-17-14.23.58-1-1024x576.jpg\" alt=\"\" class=\"wp-image-639\" srcset=\"https:\/\/wildeflora.ch\/wp-content\/uploads\/2022\/04\/2021-10-17-14.23.58-1-1024x576.jpg 1024w, https:\/\/wildeflora.ch\/wp-content\/uploads\/2022\/04\/2021-10-17-14.23.58-1-300x169.jpg 300w, https:\/\/wildeflora.ch\/wp-content\/uploads\/2022\/04\/2021-10-17-14.23.58-1-768x432.jpg 768w, https:\/\/wildeflora.ch\/wp-content\/uploads\/2022\/04\/2021-10-17-14.23.58-1-1536x864.jpg 1536w, https:\/\/wildeflora.ch\/wp-content\/uploads\/2022\/04\/2021-10-17-14.23.58-1-2048x1152.jpg 2048w\" sizes=\"auto, (max-width: 709px) 85vw, (max-width: 909px) 67vw, (max-width: 1362px) 62vw, 840px\" \/><\/a><\/figure>\n<\/figure>\n\n\n\n<p class=\"wp-block-paragraph\"><\/p>\n","protected":false},"excerpt":{"rendered":"<p>Das alte St\u00fcck Land ist Geschichte und wird von einer andern G\u00e4rtnerin betreut. Ich versuche einem alten Garten neues Leben einzuhauchen. Es ist Fr\u00fchling geworden. Im Herbst die geteilten Stauden aus dem Schrebergarten nach Seltisberg verpflanzt. Was wohl alles den Winter \u00fcberlebt hat?<\/p>\n","protected":false},"author":3,"featured_media":635,"comment_status":"open","ping_status":"open","sticky":false,"template":"","format":"standard","meta":{"footnotes":""},"categories":[1],"tags":[],"class_list":["post-633","post","type-post","status-publish","format-standard","has-post-thumbnail","hentry","category-uncategorized"],"_links":{"self":[{"href":"https:\/\/wildeflora.ch\/index.php?rest_route=\/wp\/v2\/posts\/633","targetHints":{"allow":["GET"]}}],"collection":[{"href":"https:\/\/wildeflora.ch\/index.php?rest_route=\/wp\/v2\/posts"}],"about":[{"href":"https:\/\/wildeflora.ch\/index.php?rest_route=\/wp\/v2\/types\/post"}],"author":[{"embeddable":true,"href":"https:\/\/wildeflora.ch\/index.php?rest_route=\/wp\/v2\/users\/3"}],"replies":[{"embeddable":true,"href":"https:\/\/wildeflora.ch\/index.php?rest_route=%2Fwp%2Fv2%2Fcomments&post=633"}],"version-history":[{"count":2,"href":"https:\/\/wildeflora.ch\/index.php?rest_route=\/wp\/v2\/posts\/633\/revisions"}],"predecessor-version":[{"id":640,"href":"https:\/\/wildeflora.ch\/index.php?rest_route=\/wp\/v2\/posts\/633\/revisions\/640"}],"wp:featuredmedia":[{"embeddable":true,"href":"https:\/\/wildeflora.ch\/index.php?rest_route=\/wp\/v2\/media\/635"}],"wp:attachment":[{"href":"https:\/\/wildeflora.ch\/index.php?rest_route=%2Fwp%2Fv2%2Fmedia&parent=633"}],"wp:term":[{"taxonomy":"category","embeddable":true,"href":"https:\/\/wildeflora.ch\/index.php?rest_route=%2Fwp%2Fv2%2Fcategories&post=633"},{"taxonomy":"post_tag","embeddable":true,"href":"https:\/\/wildeflora.ch\/index.php?rest_route=%2Fwp%2Fv2%2Ftags&post=633"}],"curies":[{"name":"wp","href":"https:\/\/api.w.org\/{rel}","templated":true}]}}