{"id":642,"date":"2023-04-15T20:17:30","date_gmt":"2023-04-15T20:17:30","guid":{"rendered":"http:\/\/wildeflora.ch\/?p=642"},"modified":"2023-04-15T20:17:30","modified_gmt":"2023-04-15T20:17:30","slug":"gartenjahr-22","status":"publish","type":"post","link":"https:\/\/wildeflora.ch\/?p=642","title":{"rendered":"Gartenjahr 22"},"content":{"rendered":"\n<p class=\"wp-block-paragraph\">Ein ganz klein bisschen g\u00e4rtnern w\u00e4hrend dem Umbau: Das Resultat ist eigentlich ganz zufriedenstellend. Das von Baumstr\u00fcnken und Wurzeln befreite Blumenbeet wird bis im Sp\u00e4tsommer sehr farbig. Das Bild zeigt die &#8222;Aufrichte&#8220;<\/p>\n\n\n\n<figure class=\"wp-block-image size-large\"><img loading=\"lazy\" decoding=\"async\" width=\"1024\" height=\"576\" src=\"https:\/\/wildeflora.ch\/wp-content\/uploads\/2023\/04\/20221007_183716-1024x576.jpg\" alt=\"\" class=\"wp-image-641\" srcset=\"https:\/\/wildeflora.ch\/wp-content\/uploads\/2023\/04\/20221007_183716-1024x576.jpg 1024w, https:\/\/wildeflora.ch\/wp-content\/uploads\/2023\/04\/20221007_183716-300x169.jpg 300w, https:\/\/wildeflora.ch\/wp-content\/uploads\/2023\/04\/20221007_183716-768x432.jpg 768w, https:\/\/wildeflora.ch\/wp-content\/uploads\/2023\/04\/20221007_183716-1536x864.jpg 1536w, https:\/\/wildeflora.ch\/wp-content\/uploads\/2023\/04\/20221007_183716-2048x1152.jpg 2048w\" sizes=\"auto, (max-width: 709px) 85vw, (max-width: 909px) 67vw, (max-width: 1362px) 62vw, 840px\" \/><\/figure>\n","protected":false},"excerpt":{"rendered":"<p>Ein ganz klein bisschen g\u00e4rtnern w\u00e4hrend dem Umbau: Das Resultat ist eigentlich ganz zufriedenstellend. Das von Baumstr\u00fcnken und Wurzeln befreite Blumenbeet wird bis im Sp\u00e4tsommer sehr farbig. Das Bild zeigt die &#8222;Aufrichte&#8220;<\/p>\n","protected":false},"author":3,"featured_media":0,"comment_status":"open","ping_status":"open","sticky":false,"template":"","format":"standard","meta":{"footnotes":""},"categories":[1],"tags":[],"class_list":["post-642","post","type-post","status-publish","format-standard","hentry","category-uncategorized"],"_links":{"self":[{"href":"https:\/\/wildeflora.ch\/index.php?rest_route=\/wp\/v2\/posts\/642","targetHints":{"allow":["GET"]}}],"collection":[{"href":"https:\/\/wildeflora.ch\/index.php?rest_route=\/wp\/v2\/posts"}],"about":[{"href":"https:\/\/wildeflora.ch\/index.php?rest_route=\/wp\/v2\/types\/post"}],"author":[{"embeddable":true,"href":"https:\/\/wildeflora.ch\/index.php?rest_route=\/wp\/v2\/users\/3"}],"replies":[{"embeddable":true,"href":"https:\/\/wildeflora.ch\/index.php?rest_route=%2Fwp%2Fv2%2Fcomments&post=642"}],"version-history":[{"count":1,"href":"https:\/\/wildeflora.ch\/index.php?rest_route=\/wp\/v2\/posts\/642\/revisions"}],"predecessor-version":[{"id":643,"href":"https:\/\/wildeflora.ch\/index.php?rest_route=\/wp\/v2\/posts\/642\/revisions\/643"}],"wp:attachment":[{"href":"https:\/\/wildeflora.ch\/index.php?rest_route=%2Fwp%2Fv2%2Fmedia&parent=642"}],"wp:term":[{"taxonomy":"category","embeddable":true,"href":"https:\/\/wildeflora.ch\/index.php?rest_route=%2Fwp%2Fv2%2Fcategories&post=642"},{"taxonomy":"post_tag","embeddable":true,"href":"https:\/\/wildeflora.ch\/index.php?rest_route=%2Fwp%2Fv2%2Ftags&post=642"}],"curies":[{"name":"wp","href":"https:\/\/api.w.org\/{rel}","templated":true}]}}