{"id":646,"date":"2023-12-04T13:36:18","date_gmt":"2023-12-04T13:36:18","guid":{"rendered":"http:\/\/wildeflora.ch\/?p=646"},"modified":"2023-12-06T13:37:44","modified_gmt":"2023-12-06T13:37:44","slug":"und-schon-sind-die-geranien-im-keller","status":"publish","type":"post","link":"https:\/\/wildeflora.ch\/?p=646","title":{"rendered":"Und schon sind die Geranien im Keller"},"content":{"rendered":"\n<p class=\"wp-block-paragraph\">Wie schnell das geht! Schon ist das Gartenjahr 23 um, die Geranien und Dahlien im Keller, der Feigenbaum eingepackt, Rosmarin und Hortensient\u00f6pfe an der Hausmauer mit Tann\u00e4sten gesch\u00fctzt, die Trockenblumen geerntet und der erste Schnee gefallen.<\/p>\n\n\n\n<figure class=\"wp-block-image size-large\"><img loading=\"lazy\" decoding=\"async\" width=\"576\" height=\"1024\" src=\"https:\/\/wildeflora.ch\/wp-content\/uploads\/2023\/12\/20231203_0830218521407976711323003-576x1024.jpg\" alt=\"\" class=\"wp-image-645\" srcset=\"https:\/\/wildeflora.ch\/wp-content\/uploads\/2023\/12\/20231203_0830218521407976711323003-576x1024.jpg 576w, https:\/\/wildeflora.ch\/wp-content\/uploads\/2023\/12\/20231203_0830218521407976711323003-169x300.jpg 169w, https:\/\/wildeflora.ch\/wp-content\/uploads\/2023\/12\/20231203_0830218521407976711323003-768x1365.jpg 768w, https:\/\/wildeflora.ch\/wp-content\/uploads\/2023\/12\/20231203_0830218521407976711323003-864x1536.jpg 864w, https:\/\/wildeflora.ch\/wp-content\/uploads\/2023\/12\/20231203_0830218521407976711323003-1152x2048.jpg 1152w, https:\/\/wildeflora.ch\/wp-content\/uploads\/2023\/12\/20231203_0830218521407976711323003-scaled.jpg 1440w\" sizes=\"auto, (max-width: 576px) 85vw, 576px\" \/><\/figure>\n\n\n\n<figure class=\"wp-block-image\"><img loading=\"lazy\" decoding=\"async\" width=\"576\" height=\"1024\" src=\"https:\/\/wildeflora.ch\/wp-content\/uploads\/2023\/12\/20231203_0830046941355660446521744-576x1024.jpg\" alt=\"\" class=\"wp-image-644\" srcset=\"https:\/\/wildeflora.ch\/wp-content\/uploads\/2023\/12\/20231203_0830046941355660446521744-576x1024.jpg 576w, https:\/\/wildeflora.ch\/wp-content\/uploads\/2023\/12\/20231203_0830046941355660446521744-169x300.jpg 169w, https:\/\/wildeflora.ch\/wp-content\/uploads\/2023\/12\/20231203_0830046941355660446521744-768x1365.jpg 768w, https:\/\/wildeflora.ch\/wp-content\/uploads\/2023\/12\/20231203_0830046941355660446521744-864x1536.jpg 864w, https:\/\/wildeflora.ch\/wp-content\/uploads\/2023\/12\/20231203_0830046941355660446521744-1152x2048.jpg 1152w, https:\/\/wildeflora.ch\/wp-content\/uploads\/2023\/12\/20231203_0830046941355660446521744-scaled.jpg 1440w\" sizes=\"auto, (max-width: 576px) 85vw, 576px\" \/><\/figure>\n","protected":false},"excerpt":{"rendered":"<p>Wie schnell das geht! Schon ist das Gartenjahr 23 um, die Geranien und Dahlien im Keller, der Feigenbaum eingepackt, Rosmarin und Hortensient\u00f6pfe an der Hausmauer mit Tann\u00e4sten gesch\u00fctzt, die Trockenblumen geerntet und der erste Schnee gefallen.<\/p>\n","protected":false},"author":3,"featured_media":0,"comment_status":"open","ping_status":"open","sticky":false,"template":"","format":"standard","meta":{"footnotes":""},"categories":[1],"tags":[37],"class_list":["post-646","post","type-post","status-publish","format-standard","hentry","category-uncategorized","tag-winter"],"_links":{"self":[{"href":"https:\/\/wildeflora.ch\/index.php?rest_route=\/wp\/v2\/posts\/646","targetHints":{"allow":["GET"]}}],"collection":[{"href":"https:\/\/wildeflora.ch\/index.php?rest_route=\/wp\/v2\/posts"}],"about":[{"href":"https:\/\/wildeflora.ch\/index.php?rest_route=\/wp\/v2\/types\/post"}],"author":[{"embeddable":true,"href":"https:\/\/wildeflora.ch\/index.php?rest_route=\/wp\/v2\/users\/3"}],"replies":[{"embeddable":true,"href":"https:\/\/wildeflora.ch\/index.php?rest_route=%2Fwp%2Fv2%2Fcomments&post=646"}],"version-history":[{"count":1,"href":"https:\/\/wildeflora.ch\/index.php?rest_route=\/wp\/v2\/posts\/646\/revisions"}],"predecessor-version":[{"id":647,"href":"https:\/\/wildeflora.ch\/index.php?rest_route=\/wp\/v2\/posts\/646\/revisions\/647"}],"wp:attachment":[{"href":"https:\/\/wildeflora.ch\/index.php?rest_route=%2Fwp%2Fv2%2Fmedia&parent=646"}],"wp:term":[{"taxonomy":"category","embeddable":true,"href":"https:\/\/wildeflora.ch\/index.php?rest_route=%2Fwp%2Fv2%2Fcategories&post=646"},{"taxonomy":"post_tag","embeddable":true,"href":"https:\/\/wildeflora.ch\/index.php?rest_route=%2Fwp%2Fv2%2Ftags&post=646"}],"curies":[{"name":"wp","href":"https:\/\/api.w.org\/{rel}","templated":true}]}}