{"id":712,"date":"2025-03-12T19:51:45","date_gmt":"2025-03-12T19:51:45","guid":{"rendered":"https:\/\/wildeflora.ch\/?p=712"},"modified":"2025-03-12T19:51:56","modified_gmt":"2025-03-12T19:51:56","slug":"3-tage-im-garten-gewuetet","status":"publish","type":"post","link":"https:\/\/wildeflora.ch\/?p=712","title":{"rendered":"3 Tage im Garten gew\u00fctet"},"content":{"rendered":"\n<p class=\"wp-block-paragraph\">Da Regen angesagt war, galt es die sonnigen und trockenen Tage auszun\u00fctzen: Alle Beete gej\u00e4tet, Kompost (K\u00fcrbiskompost) verteilt, Beeren und Hornd\u00fcnger verteilt. Auch Rosen mit Hornsp\u00e4nen ged\u00fcngt.<\/p>\n\n\n\n<p class=\"wp-block-paragraph\"> (Erdbeerbeete, Rhabarber noch ausstehend, Himbeeren noch d\u00fcngen, Rosen noch Kompost). Leider beim J\u00e4ten eine Pfingstrosenwurzel verletzt. <\/p>\n\n\n\n<figure class=\"wp-block-image size-large\"><img loading=\"lazy\" decoding=\"async\" width=\"576\" height=\"1024\" src=\"https:\/\/wildeflora.ch\/wp-content\/uploads\/2025\/03\/20250311_1741374156094312595662893-576x1024.jpg\" alt=\"\" class=\"wp-image-710\" srcset=\"https:\/\/wildeflora.ch\/wp-content\/uploads\/2025\/03\/20250311_1741374156094312595662893-576x1024.jpg 576w, https:\/\/wildeflora.ch\/wp-content\/uploads\/2025\/03\/20250311_1741374156094312595662893-169x300.jpg 169w, https:\/\/wildeflora.ch\/wp-content\/uploads\/2025\/03\/20250311_1741374156094312595662893-768x1365.jpg 768w, https:\/\/wildeflora.ch\/wp-content\/uploads\/2025\/03\/20250311_1741374156094312595662893-864x1536.jpg 864w, https:\/\/wildeflora.ch\/wp-content\/uploads\/2025\/03\/20250311_1741374156094312595662893.jpg 1134w\" sizes=\"auto, (max-width: 576px) 85vw, 576px\" \/><\/figure>\n\n\n\n<figure class=\"wp-block-image\"><img loading=\"lazy\" decoding=\"async\" width=\"576\" height=\"1024\" src=\"https:\/\/wildeflora.ch\/wp-content\/uploads\/2025\/03\/20250311_1741288951144447820478387-576x1024.jpg\" alt=\"\" class=\"wp-image-711\" srcset=\"https:\/\/wildeflora.ch\/wp-content\/uploads\/2025\/03\/20250311_1741288951144447820478387-576x1024.jpg 576w, https:\/\/wildeflora.ch\/wp-content\/uploads\/2025\/03\/20250311_1741288951144447820478387-169x300.jpg 169w, https:\/\/wildeflora.ch\/wp-content\/uploads\/2025\/03\/20250311_1741288951144447820478387-768x1365.jpg 768w, https:\/\/wildeflora.ch\/wp-content\/uploads\/2025\/03\/20250311_1741288951144447820478387-864x1536.jpg 864w, https:\/\/wildeflora.ch\/wp-content\/uploads\/2025\/03\/20250311_1741288951144447820478387.jpg 1134w\" sizes=\"auto, (max-width: 576px) 85vw, 576px\" \/><\/figure>\n\n\n\n<p class=\"wp-block-paragraph\">Stauden von Rosemarie gesetzt.<\/p>\n\n\n\n<p class=\"wp-block-paragraph\">Verschiedene Monarten ges\u00e4ht. Kappmohn noch im April s\u00e4hen.<\/p>\n","protected":false},"excerpt":{"rendered":"<p>Da Regen angesagt war, galt es die sonnigen und trockenen Tage auszun\u00fctzen: Alle Beete gej\u00e4tet, Kompost (K\u00fcrbiskompost) verteilt, Beeren und Hornd\u00fcnger verteilt. Auch Rosen mit Hornsp\u00e4nen ged\u00fcngt. (Erdbeerbeete, Rhabarber noch ausstehend, Himbeeren noch d\u00fcngen, Rosen noch Kompost). Leider beim J\u00e4ten eine Pfingstrosenwurzel verletzt. Stauden von Rosemarie gesetzt. Verschiedene Monarten ges\u00e4ht. Kappmohn noch im April s\u00e4hen.<\/p>\n","protected":false},"author":3,"featured_media":0,"comment_status":"open","ping_status":"open","sticky":false,"template":"","format":"standard","meta":{"footnotes":""},"categories":[1],"tags":[],"class_list":["post-712","post","type-post","status-publish","format-standard","hentry","category-uncategorized"],"_links":{"self":[{"href":"https:\/\/wildeflora.ch\/index.php?rest_route=\/wp\/v2\/posts\/712","targetHints":{"allow":["GET"]}}],"collection":[{"href":"https:\/\/wildeflora.ch\/index.php?rest_route=\/wp\/v2\/posts"}],"about":[{"href":"https:\/\/wildeflora.ch\/index.php?rest_route=\/wp\/v2\/types\/post"}],"author":[{"embeddable":true,"href":"https:\/\/wildeflora.ch\/index.php?rest_route=\/wp\/v2\/users\/3"}],"replies":[{"embeddable":true,"href":"https:\/\/wildeflora.ch\/index.php?rest_route=%2Fwp%2Fv2%2Fcomments&post=712"}],"version-history":[{"count":1,"href":"https:\/\/wildeflora.ch\/index.php?rest_route=\/wp\/v2\/posts\/712\/revisions"}],"predecessor-version":[{"id":713,"href":"https:\/\/wildeflora.ch\/index.php?rest_route=\/wp\/v2\/posts\/712\/revisions\/713"}],"wp:attachment":[{"href":"https:\/\/wildeflora.ch\/index.php?rest_route=%2Fwp%2Fv2%2Fmedia&parent=712"}],"wp:term":[{"taxonomy":"category","embeddable":true,"href":"https:\/\/wildeflora.ch\/index.php?rest_route=%2Fwp%2Fv2%2Fcategories&post=712"},{"taxonomy":"post_tag","embeddable":true,"href":"https:\/\/wildeflora.ch\/index.php?rest_route=%2Fwp%2Fv2%2Ftags&post=712"}],"curies":[{"name":"wp","href":"https:\/\/api.w.org\/{rel}","templated":true}]}}