{"id":99,"date":"2013-02-24T14:28:35","date_gmt":"2013-02-24T14:28:35","guid":{"rendered":"http:\/\/wildeflora.ch\/?p=99"},"modified":"2013-04-28T16:25:02","modified_gmt":"2013-04-28T16:25:02","slug":"fensterbank","status":"publish","type":"post","link":"https:\/\/wildeflora.ch\/?p=99","title":{"rendered":"Fensterbank"},"content":{"rendered":"<p>War wohl etwas fr\u00fch, ich konnte aber einfach nicht mehr warten. Habe bereits vor zwei Wochen die ersten Tomatensorten (Baselbieter R\u00f6teli, Gelbe von Thun) im Badezimmer ges\u00e4t und auf die Fensterbank gestellt.<\/p>\n<p><a href=\"https:\/\/wildeflora.ch\/?attachment_id=101\" rel=\"attachment wp-att-101\"><img loading=\"lazy\" decoding=\"async\" class=\"alignnone  wp-image-101\" alt=\"Fr\u00fche Saaten\" src=\"https:\/\/wildeflora.ch\/wp-content\/uploads\/2013\/02\/Garten_saehen_gedreht.jpg\" width=\"266\" height=\"355\" srcset=\"https:\/\/wildeflora.ch\/wp-content\/uploads\/2013\/02\/Garten_saehen_gedreht.jpg 2112w, https:\/\/wildeflora.ch\/wp-content\/uploads\/2013\/02\/Garten_saehen_gedreht-225x300.jpg 225w, https:\/\/wildeflora.ch\/wp-content\/uploads\/2013\/02\/Garten_saehen_gedreht-768x1024.jpg 768w\" sizes=\"auto, (max-width: 266px) 85vw, 266px\" \/><\/a><a href=\"https:\/\/wildeflora.ch\/?attachment_id=102\" rel=\"attachment wp-att-102\">\u00a0\u00a0\u00a0\u00a0\u00a0\u00a0\u00a0\u00a0\u00a0\u00a0 <img loading=\"lazy\" decoding=\"async\" class=\"alignnone  wp-image-102\" alt=\"Tomatensetzlinge spriessen\" src=\"https:\/\/wildeflora.ch\/wp-content\/uploads\/2013\/02\/Garten_setzlinge_002.jpg\" width=\"365\" height=\"274\" srcset=\"https:\/\/wildeflora.ch\/wp-content\/uploads\/2013\/02\/Garten_setzlinge_002.jpg 2816w, https:\/\/wildeflora.ch\/wp-content\/uploads\/2013\/02\/Garten_setzlinge_002-300x225.jpg 300w, https:\/\/wildeflora.ch\/wp-content\/uploads\/2013\/02\/Garten_setzlinge_002-1024x768.jpg 1024w\" sizes=\"auto, (max-width: 365px) 85vw, 365px\" \/><\/a><\/p>\n<p>&#8230; und schon die ersten Resulatate.\u00a0 Seit gestern steht bereits die n\u00e4chste Serie auf der Fensterbank. (u.a. Tomaten Tigrella und Cherry Lilya) Draussen hats wieder geschneit!<\/p>\n","protected":false},"excerpt":{"rendered":"<p>War wohl etwas fr\u00fch, ich konnte aber einfach nicht mehr warten. Habe bereits vor zwei Wochen die ersten Tomatensorten (Baselbieter R\u00f6teli, Gelbe von Thun) im Badezimmer ges\u00e4t und auf die Fensterbank gestellt. \u00a0\u00a0\u00a0\u00a0\u00a0\u00a0\u00a0\u00a0\u00a0\u00a0 &#8230; und schon die ersten Resulatate.\u00a0 Seit gestern steht bereits die n\u00e4chste Serie auf der Fensterbank. (u.a. Tomaten Tigrella und Cherry Lilya) &hellip; <a href=\"https:\/\/wildeflora.ch\/?p=99\" class=\"more-link\"><span class=\"screen-reader-text\">\u201eFensterbank\u201c<\/span> weiterlesen<\/a><\/p>\n","protected":false},"author":3,"featured_media":0,"comment_status":"open","ping_status":"open","sticky":false,"template":"","format":"standard","meta":{"footnotes":""},"categories":[1],"tags":[10,19,9],"class_list":["post-99","post","type-post","status-publish","format-standard","hentry","category-uncategorized","tag-fensterbank","tag-saat","tag-tomaten"],"_links":{"self":[{"href":"https:\/\/wildeflora.ch\/index.php?rest_route=\/wp\/v2\/posts\/99","targetHints":{"allow":["GET"]}}],"collection":[{"href":"https:\/\/wildeflora.ch\/index.php?rest_route=\/wp\/v2\/posts"}],"about":[{"href":"https:\/\/wildeflora.ch\/index.php?rest_route=\/wp\/v2\/types\/post"}],"author":[{"embeddable":true,"href":"https:\/\/wildeflora.ch\/index.php?rest_route=\/wp\/v2\/users\/3"}],"replies":[{"embeddable":true,"href":"https:\/\/wildeflora.ch\/index.php?rest_route=%2Fwp%2Fv2%2Fcomments&post=99"}],"version-history":[{"count":8,"href":"https:\/\/wildeflora.ch\/index.php?rest_route=\/wp\/v2\/posts\/99\/revisions"}],"predecessor-version":[{"id":166,"href":"https:\/\/wildeflora.ch\/index.php?rest_route=\/wp\/v2\/posts\/99\/revisions\/166"}],"wp:attachment":[{"href":"https:\/\/wildeflora.ch\/index.php?rest_route=%2Fwp%2Fv2%2Fmedia&parent=99"}],"wp:term":[{"taxonomy":"category","embeddable":true,"href":"https:\/\/wildeflora.ch\/index.php?rest_route=%2Fwp%2Fv2%2Fcategories&post=99"},{"taxonomy":"post_tag","embeddable":true,"href":"https:\/\/wildeflora.ch\/index.php?rest_route=%2Fwp%2Fv2%2Ftags&post=99"}],"curies":[{"name":"wp","href":"https:\/\/api.w.org\/{rel}","templated":true}]}}